{"id":1178,"date":"2018-10-26T19:03:22","date_gmt":"2018-10-26T19:03:22","guid":{"rendered":""},"modified":"-0001-11-30T00:00:00","modified_gmt":"-0001-11-29T22:00:00","slug":"","status":"publish","type":"post","link":"https:\/\/www.chapelle-crecy.com\/?p=1178","title":{"rendered":"Annonces du lundi 29 octobre au dimanche 4 novembre"},"content":{"rendered":"<div align=\"justify\">Voici les annonces de la p\u00e9riode du lundi 29 octobre au dimanche 4 novembre 2018 pour la paroisse des 3 clochers Cr\u00e9cy-la-Chapelle, Villiers-sur-Morin, Voulangis. <\/p>\n<p>\nJeudi 1er novembre, messe de la toussaint \u00e0\u00a0 9h45 \u00e0\u00a0 Cr\u00e9cy,<br \/>\nSamedi 3 novembre, messe \u00e0\u00a0 18 h 30 \u00e0\u00a0 Villiers,<br \/>\nDimanche 4 \u00e0\u00a0 9 h 45, messe \u00e0\u00a0 l&rsquo;\u00e9glise Saint-Georges<br \/>\nTous les d\u00e9tails dans la suite &#8230;<\/div>\n<div align=\"center\">\n<table bgcolor =\"FFF6F0\" border=0>\n<tbody>\n<tr>\n<td><font color=\"00CC00\"><\/p>\n<div align=\"center\"><img decoding=\"async\" src=\"\/IMG\/lieux\/Tombes.jpg\" width=300><\/div>\n<p><\/font><\/td>\n<td width=400><font color=\"00CC00\"><\/p>\n<div align=\"center\">\n<b>Lundi 29 octobre<\/b><br \/>\n17 h &#8211; Messe \u00e0 la Maison de Retraite.<\/p>\n<p><b>Mardi 30 octobre<\/b><br \/>\n10 h &#8211; \u00e0 Cr\u00e9cy,  Obs\u00e8ques  d&rsquo;Armand COSTA<br \/>\n18 h &#8211; Messe \u00e0 Cr\u00e9cy. pour Emile PENICAUD<\/p>\n<p><b>Mercredi 31 octobre<\/b><br \/>\nPas de messe en paroisse.<\/div>\n<p><\/font><\/td>\n<\/tr>\n<\/tbody>\n<\/table>\n<p> <\/p>\n<table bgcolor =\"F0F0FF\" border=0>\n<tbody>\n<tr>\n<td width=400><font color=\"678060\"><\/p>\n<div align=\"center\">\n<b>Jeudi 1er novembre<\/b><br \/>\nSolennit\u00e9 de la TOUSSAINT &#8211;  9 h 45 &#8211; Messe \u00e0 Cr\u00e9cy &#8211;  avec une intention particuli\u00e8re pour Julien REYDEL.<\/p>\n<p><b>Vendredi 2 novembre<\/b><br \/>\n9 h &#8211; Messe \u00e0 Cr\u00e9cy pour les fid\u00e8les d\u00e9funts.<br \/>\nde 9 h 30 \u00e0 10 h &#8211; Adoration du Saint Sacrement.\n<\/div>\n<p><\/font><\/td>\n<td><font color=\"678060\"><\/p>\n<div align=\"center\"><img decoding=\"async\" src=\"\/IMG\/lieux\/croix2.jpg\" width=250><\/div>\n<p><\/font><\/td>\n<\/tr>\n<\/tbody>\n<\/table>\n<p> <\/p>\n<table bgcolor =\"F0FFF0\" border=0>\n<tbody>\n<tr>\n<td><font color=\"678060\"><\/p>\n<div align=\"center\"><img decoding=\"async\" src=\"http:\/\/www.voulangis.fr\/IMG\/jpg\/cimetiere_2016\/DSC_7366.jpg\" width=300 height=200><\/div>\n<p><\/font><\/td>\n<td width=400><font color=\"678060\"><\/p>\n<div align=\"center\">\n<b>Samedi 3 novembre<\/b><br \/>\n18 h 30 &#8212; Messe \u00e0 Villiers.<\/p>\n<p><b>Dimanche 4 novembre<\/b><br \/>\n9 h 45 &#8211; Messe \u00e0 l&rsquo;\u00e9glise Saint-Georges \u00e0 Cr\u00e9cy avec une intention pour  Jacqueline VALLET. <br \/>\nMesse anniversaire de d\u00e9c\u00e8s de Ilda PINTO ALVES.<\/div>\n<p><\/font><\/td>\n<\/tr>\n<\/tbody>\n<\/table>\n<\/div>\n","protected":false},"excerpt":{"rendered":"<p>Voici les annonces de la p\u00e9riode du lundi 29 octobre au dimanche 4 novembre 2018 pour la paroisse des 3 clochers Cr\u00e9cy-la-Chapelle, Villiers-sur-Morin, Voulangis. Jeudi 1er novembre, messe de la toussaint \u00e0\u00a0 9h45 \u00e0\u00a0&#46;&#46;&#46;<\/p>\n","protected":false},"author":2,"featured_media":0,"comment_status":"open","ping_status":"open","sticky":false,"template":"","format":"standard","meta":{"footnotes":""},"categories":[],"tags":[],"class_list":["post-1178","post","type-post","status-publish","format-standard","hentry"],"_links":{"self":[{"href":"https:\/\/www.chapelle-crecy.com\/index.php?rest_route=\/wp\/v2\/posts\/1178","targetHints":{"allow":["GET"]}}],"collection":[{"href":"https:\/\/www.chapelle-crecy.com\/index.php?rest_route=\/wp\/v2\/posts"}],"about":[{"href":"https:\/\/www.chapelle-crecy.com\/index.php?rest_route=\/wp\/v2\/types\/post"}],"author":[{"embeddable":true,"href":"https:\/\/www.chapelle-crecy.com\/index.php?rest_route=\/wp\/v2\/users\/2"}],"replies":[{"embeddable":true,"href":"https:\/\/www.chapelle-crecy.com\/index.php?rest_route=%2Fwp%2Fv2%2Fcomments&post=1178"}],"version-history":[{"count":0,"href":"https:\/\/www.chapelle-crecy.com\/index.php?rest_route=\/wp\/v2\/posts\/1178\/revisions"}],"wp:attachment":[{"href":"https:\/\/www.chapelle-crecy.com\/index.php?rest_route=%2Fwp%2Fv2%2Fmedia&parent=1178"}],"wp:term":[{"taxonomy":"category","embeddable":true,"href":"https:\/\/www.chapelle-crecy.com\/index.php?rest_route=%2Fwp%2Fv2%2Fcategories&post=1178"},{"taxonomy":"post_tag","embeddable":true,"href":"https:\/\/www.chapelle-crecy.com\/index.php?rest_route=%2Fwp%2Fv2%2Ftags&post=1178"}],"curies":[{"name":"wp","href":"https:\/\/api.w.org\/{rel}","templated":true}]}}