{"id":1197,"date":"2019-02-02T23:29:45","date_gmt":"2019-02-02T23:29:45","guid":{"rendered":""},"modified":"-0001-11-30T00:00:00","modified_gmt":"-0001-11-29T22:00:00","slug":"","status":"publish","type":"post","link":"https:\/\/www.chapelle-crecy.com\/?p=1197","title":{"rendered":"Annonces du 4 au 10 f\u00e9vrier 2019"},"content":{"rendered":"<div align=\"justify\">Voici les annonces de la semaine du lundi 28 f\u00e9vrier au dimanche 3 f\u00e9vrier 2019 pour la paroisse des 3 clochers Cr\u00e9cy-la-Chapelle, Villiers-sur-Morin, Voulangis. <\/p>\n<p>Samedi 9 f\u00e9vrier \u00e0\u00a0 18 h 30, messe \u00e0\u00a0 Voulangis, <br \/>\nDimanche10 f\u00e9vrier \u00e0\u00a0 9 h 45, messe \u00e0\u00a0 Cr\u00e9cy. <\/p>\n<p>Tous les d\u00e9tails dans la suite &#8230;<\/p><\/div>\n<div align=\"center\">\n<table bgcolor =\"F0F0F6\" border=0>\n<tbody>\n<td width=400><font color=\"0E0C40\"><\/p>\n<div align=\"center\">\n<b>Lundi 4 f\u00e9vrier <\/b><br \/>\n10 h &#8211;  \u00e0 Villiers, Obs\u00e8ques de Fran\u00e7oise TROUBLE.<br \/>\n14 h 30 &#8211;  R\u00e9union de l&rsquo;Equipe du Rosaire chez Mme BACOUP.<br \/>\n17 h &#8211; C\u00e9l\u00e9bration \u00e0 a Maison de Retraite.<\/p>\n<p><b>Mardi 5 f\u00e9vrier <\/b><br \/>\n18 h &#8211; Messe \u00e0 Cr\u00e9cypour les malades de notre communaut\u00e9.<\/p>\n<p><b>Mercredi 6 f\u00e9vrier<\/b><br \/>\n<i>Saint Gaston<\/i><br \/>\n15 h &#8211; \u00e0 Villiers, Obs\u00e8ques d&rsquo;Arlette PATOUT.\n<\/div>\n<p><\/font><\/td>\n<td><font color=\"0E0C40\"><\/p>\n<div align=\"center\"><img decoding=\"async\" src=\"\/IMG\/personnes\/gaston.jpg\" width=200><br \/><i>Saint Gaston<\/i><\/div>\n<p><\/font><\/td>\n<\/tr>\n<\/tbody>\n<\/table>\n<p> <\/p>\n<table bgcolor =\"FFF6F0\" border=0>\n<tbody>\n<tr>\n<td><font color=\"BB3300\"><\/p>\n<div align=\"center\"><img decoding=\"async\" src=\"\/IMG\/personnes\/jacqueline.jpg\" width=200><br \/>\n<i>Sainte Jacqueline<\/i><\/div>\n<p><\/font><\/td>\n<td width=400><font color=\"BB3300\"><\/p>\n<div align=\"center\">\n<b>Jeudi 7 f\u00e9vrier<\/b><br \/>\n18 h &#8211; Messe \u00e0 Cr\u00e9cy.<\/p>\n<p><b>Vendredi 8 f\u00e9vrier<\/b><br \/> <br \/>\n<i>Sainte Jacqueline de Septisoles<\/i><br \/>\n9 h &#8211; Messe \u00e0 Cr\u00e9cy.<br \/>\nde 9 h 30 \u00e0 10 h &#8211; Adoration du Saint Sacrement.<br \/>\n10 h &#8211; A Cr\u00e9cy, obs\u00e8ques de Dominique ANDRIEU.\n<\/div>\n<p><\/font><\/td>\n<\/tr>\n<\/tbody>\n<\/table>\n<p><\/p>\n<table bgcolor =\"F0FFF6\" border=0>\n<tbody>\n<tr>\n<td width=400><font color=\"00CC00\"><\/p>\n<div align=\"center\">\n<b>Samedi 9 f\u00e9vrier<\/b><br \/>\n<i>Sainte Appoline<\/i><br \/>\n18 h 30 &#8211; Messe \u00e0 Voulangis pour Pierrette DE PENA et pour les familles JASKOWIAK-GRIFFO<br \/>\n.<\/p>\n<p><b>Dimanche 10 f\u00e9vrier<\/b> <br \/> <br \/>\n9 h 45 &#8211; \u00e0 Cr\u00e9cy : Messe en famille.\n<\/div>\n<p><\/font><\/td>\n<td><font color=\"00CC00\"><\/p>\n<div align=\"center\"><img decoding=\"async\" src=\"\/IMG\/personnes\/appoline.jpg\" width=200><br \/>\n<i>Sainte Appoline<\/i><\/div>\n<p><\/font><\/td>\n<\/tr>\n<\/tbody>\n<\/table>\n<\/div>\n","protected":false},"excerpt":{"rendered":"<p>Voici les annonces de la semaine du lundi 28 f\u00e9vrier au dimanche 3 f\u00e9vrier 2019 pour la paroisse des 3 clochers Cr\u00e9cy-la-Chapelle, Villiers-sur-Morin, Voulangis. Samedi 9 f\u00e9vrier \u00e0\u00a0 18 h 30, messe \u00e0\u00a0 Voulangis,&#46;&#46;&#46;<\/p>\n","protected":false},"author":2,"featured_media":0,"comment_status":"open","ping_status":"open","sticky":false,"template":"","format":"standard","meta":{"footnotes":""},"categories":[],"tags":[],"class_list":["post-1197","post","type-post","status-publish","format-standard","hentry"],"_links":{"self":[{"href":"https:\/\/www.chapelle-crecy.com\/index.php?rest_route=\/wp\/v2\/posts\/1197","targetHints":{"allow":["GET"]}}],"collection":[{"href":"https:\/\/www.chapelle-crecy.com\/index.php?rest_route=\/wp\/v2\/posts"}],"about":[{"href":"https:\/\/www.chapelle-crecy.com\/index.php?rest_route=\/wp\/v2\/types\/post"}],"author":[{"embeddable":true,"href":"https:\/\/www.chapelle-crecy.com\/index.php?rest_route=\/wp\/v2\/users\/2"}],"replies":[{"embeddable":true,"href":"https:\/\/www.chapelle-crecy.com\/index.php?rest_route=%2Fwp%2Fv2%2Fcomments&post=1197"}],"version-history":[{"count":0,"href":"https:\/\/www.chapelle-crecy.com\/index.php?rest_route=\/wp\/v2\/posts\/1197\/revisions"}],"wp:attachment":[{"href":"https:\/\/www.chapelle-crecy.com\/index.php?rest_route=%2Fwp%2Fv2%2Fmedia&parent=1197"}],"wp:term":[{"taxonomy":"category","embeddable":true,"href":"https:\/\/www.chapelle-crecy.com\/index.php?rest_route=%2Fwp%2Fv2%2Fcategories&post=1197"},{"taxonomy":"post_tag","embeddable":true,"href":"https:\/\/www.chapelle-crecy.com\/index.php?rest_route=%2Fwp%2Fv2%2Ftags&post=1197"}],"curies":[{"name":"wp","href":"https:\/\/api.w.org\/{rel}","templated":true}]}}