{"id":1198,"date":"2019-02-08T20:14:47","date_gmt":"2019-02-08T20:14:47","guid":{"rendered":""},"modified":"-0001-11-30T00:00:00","modified_gmt":"-0001-11-29T22:00:00","slug":"","status":"publish","type":"post","link":"https:\/\/www.chapelle-crecy.com\/?p=1198","title":{"rendered":"Annonces du 11 au 17 f\u00e9vrier 2019"},"content":{"rendered":"<div align=\"justify\">Voici les annonces de la semaine du lundi 11 au dimanche 17 f\u00e9vrier 2019 pour la paroisse des 3 clochers Cr\u00e9cy-la-Chapelle, Villiers-sur-Morin, Voulangis. <\/p>\n<p>Samedi 16 f\u00e9vrier \u00e0\u00a0 18 h 30, messe \u00e0\u00a0 Villiers, <br \/>\nDimanche17 f\u00e9vrier \u00e0\u00a0 9 h 45, messe \u00e0\u00a0 Cr\u00e9cy. <\/p>\n<p>Tous les d\u00e9tails dans la suite &#8230;<\/p><\/div>\n<div align=\"center\">\n<table bgcolor =\"F0F0F6\" border=0>\n<tbody>\n<td width=400><font color=\"0E0C40\"><\/p>\n<div align=\"center\">\n<b>Lundi 11 f\u00e9vrier <\/b><br \/>\n17 h &#8211; Messe \u00e0 Maison de Retraite.<\/p>\n<p><b>Mardi 12 f\u00e9vrier <\/b><br \/>\n18 h &#8211; Messe \u00e0 Cr\u00e9cy.<\/p>\n<p><b>Mercredi 13 f\u00e9vrier<\/b><br \/>\n<i>St Gilbert, \u00e9v\u00eaque de Meaux<\/i><br \/>\n9 h &#8211; Messe \u00e0 Cr\u00e9cy.<\/p>\n<\/div>\n<p><\/font><\/td>\n<td><font color=\"0E0C40\"><\/p>\n<div align=\"center\"><img decoding=\"async\" src=\"\/IMG\/personnes\/gilbert.jpg\" width=200><br \/><i>St Gilbert, \u00e9v\u00eaque de Meaux<\/i><\/div>\n<p><\/font><\/td>\n<\/tr>\n<\/tbody>\n<\/table>\n<p> <\/p>\n<table bgcolor =\"FFF6F0\" border=0>\n<tbody>\n<tr>\n<td><font color=\"BB3300\"><\/p>\n<div align=\"center\"><img decoding=\"async\" src=\"\/IMG\/personnes\/valentin.jpg\" width=200><br \/>\n<i>Saint Valentin<\/i><\/div>\n<p><\/font><\/td>\n<td width=400><font color=\"BB3300\"><\/p>\n<div align=\"center\">\n<b>Jeudi 14 f\u00e9vrier<\/b><br \/>\n<i>Saint Valentin<\/i><br \/>\nPas de messe.<\/p>\n<p><b>Vendredi 15 f\u00e9vrier<\/b><br \/> <br \/>\n<i>Sainte Jacqueline de Septisoles<\/i><br \/>\n9 h &#8211; Messe \u00e0 Cr\u00e9cy.\n<\/div>\n<p><\/font><\/td>\n<\/tr>\n<\/tbody>\n<\/table>\n<p><\/p>\n<table bgcolor =\"F0FFF6\" border=0>\n<tbody>\n<tr>\n<td width=400><font color=\"00CC00\"><\/p>\n<div align=\"center\">\n<b>Samedi 16 f\u00e9vrier<\/b><br \/>\n18 h 30 &#8211; Messe \u00e0 Villiers pour Fran\u00e7oise TROUBLE.<br \/>\n<br \/>\n<b>Dimanche 17 f\u00e9vrier<\/b> <br \/> <br \/>\n<i>Saint Alexis<\/i><br \/>\n9 h 45 &#8211; \u00e0 Cr\u00e9cy, Messe anniversaire pour Colette et R\u00e9mi COLLOT.<br \/>\nQu\u00eate sp\u00e9ciale samedi 16 et dimanche 17 f\u00e9vrier pour l&rsquo;entretien des \u00e9glises et des presbyt\u00e8res du Dioc\u00e8se.\n<\/div>\n<p><\/font><\/td>\n<td><font color=\"00CC00\"><\/p>\n<div align=\"center\"><img decoding=\"async\" src=\"\/IMG\/personnes\/alexis.gif\" width=200><br \/>\n<i>Saint Alexis<\/i><\/div>\n<p><\/font><\/td>\n<\/tr>\n<\/tbody>\n<\/table>\n<\/div>\n","protected":false},"excerpt":{"rendered":"<p>Voici les annonces de la semaine du lundi 11 au dimanche 17 f\u00e9vrier 2019 pour la paroisse des 3 clochers Cr\u00e9cy-la-Chapelle, Villiers-sur-Morin, Voulangis. Samedi 16 f\u00e9vrier \u00e0\u00a0 18 h 30, messe \u00e0\u00a0 Villiers, Dimanche17&#46;&#46;&#46;<\/p>\n","protected":false},"author":2,"featured_media":0,"comment_status":"open","ping_status":"open","sticky":false,"template":"","format":"standard","meta":{"footnotes":""},"categories":[],"tags":[],"class_list":["post-1198","post","type-post","status-publish","format-standard","hentry"],"_links":{"self":[{"href":"https:\/\/www.chapelle-crecy.com\/index.php?rest_route=\/wp\/v2\/posts\/1198","targetHints":{"allow":["GET"]}}],"collection":[{"href":"https:\/\/www.chapelle-crecy.com\/index.php?rest_route=\/wp\/v2\/posts"}],"about":[{"href":"https:\/\/www.chapelle-crecy.com\/index.php?rest_route=\/wp\/v2\/types\/post"}],"author":[{"embeddable":true,"href":"https:\/\/www.chapelle-crecy.com\/index.php?rest_route=\/wp\/v2\/users\/2"}],"replies":[{"embeddable":true,"href":"https:\/\/www.chapelle-crecy.com\/index.php?rest_route=%2Fwp%2Fv2%2Fcomments&post=1198"}],"version-history":[{"count":0,"href":"https:\/\/www.chapelle-crecy.com\/index.php?rest_route=\/wp\/v2\/posts\/1198\/revisions"}],"wp:attachment":[{"href":"https:\/\/www.chapelle-crecy.com\/index.php?rest_route=%2Fwp%2Fv2%2Fmedia&parent=1198"}],"wp:term":[{"taxonomy":"category","embeddable":true,"href":"https:\/\/www.chapelle-crecy.com\/index.php?rest_route=%2Fwp%2Fv2%2Fcategories&post=1198"},{"taxonomy":"post_tag","embeddable":true,"href":"https:\/\/www.chapelle-crecy.com\/index.php?rest_route=%2Fwp%2Fv2%2Ftags&post=1198"}],"curies":[{"name":"wp","href":"https:\/\/api.w.org\/{rel}","templated":true}]}}