{"id":1212,"date":"2019-05-02T09:17:23","date_gmt":"2019-05-02T09:17:23","guid":{"rendered":""},"modified":"-0001-11-30T00:00:00","modified_gmt":"-0001-11-29T22:00:00","slug":"","status":"publish","type":"post","link":"https:\/\/www.chapelle-crecy.com\/?p=1212","title":{"rendered":"Mgr Albert-Marie de Monl\u00e9on a rejoint la maison du P\u00e8re"},"content":{"rendered":"<div align=\"justify\">Notre \u00e9v\u00eaque \u00e9m\u00e9rite de Meaux, Mgr de Monl\u00e9on, est d\u00e9c\u00e9d\u00e9 \u00e0\u00a0 l&rsquo; ge de 82 ans, le 29 mai au soir en la f\u00eate de Sainte Catherine de Sienne, Dominicaine comme lui.<br \/>\nSes obs\u00e8ques auront lieu \u00e0\u00a0 la Cath\u00e9drale Saint \u00e9tienne de Meaux, ce samedi 4 mai \u00e0\u00a0 10 h 30, suivi de son inhumation dans la crypte. Venons nombreux \u00e0\u00a0 l&rsquo;entourer et \u00e0\u00a0 rendre gr ce pour sa vie et son oeuvre.<br \/>\nJe vous laisse regarder cette vid\u00e9o \u00e9mouvante produite par KTO. Mgr de Monl\u00e9on, \u00e9v\u00eaque (1988-2012) fut accompagnateur de Pierre Goursat et de la Communaut\u00e9 de l&rsquo;Emmanuel. Dans cette interview, il \u00e9voque l&rsquo;effet \u00a0\u00bb papillon \u00a0\u00bb de la mis\u00e9ricorde qui se r\u00e9pand dans le monde &#8230;<br \/>\n<\/p>\n<div align=\"justify\"><iframe loading=\"lazy\" width=\"690\" height=\"388\" src=\"https:\/\/www.youtube.com\/embed\/mLgYZjbKoRw\" frameborder=\"0\" allow=\"accelerometer; autoplay; encrypted-media; gyroscope; picture-in-picture\" allowfullscreen><\/iframe><\/div>\n<p>Dominicain de l&rsquo;Ordre des Pr\u00eacheurs, il avait succ\u00e9d\u00e9 \u00e0\u00a0 Mgr Cornet en 1999, et fut donc \u00e9v\u00eaque de Meaux jusqu&rsquo;en ao\u00fbt 2012. Apr\u00e8s l&rsquo;installation de Mgr Nahmias en 2012, notre \u00e9v\u00eaque \u00e9m\u00e9rite \u00e9tait parti en retraite dans le Vaucluse, pr\u00e8s de sa soeur religieuse. Malade, il \u00e9tait revenu \u00e0\u00a0 Paris il y a 1 an 1\/2, \u00e0\u00a0 la maison de sant\u00e9 des Petites Soeurs des Pauvres de Picpus, puis \u00e0\u00a0 la Maison Jeanne Garnier o\u00f9 il est d\u00e9c\u00e9d\u00e9, comme Mgr Lustiger. Que Monseigneur Albert-Marie de Monl\u00e9on repose dans la paix. <\/p><\/div>\n","protected":false},"excerpt":{"rendered":"<p>Notre \u00e9v\u00eaque \u00e9m\u00e9rite de Meaux, Mgr de Monl\u00e9on, est d\u00e9c\u00e9d\u00e9 \u00e0\u00a0 l&rsquo; ge de 82 ans, le 29 mai au soir en la f\u00eate de Sainte Catherine de Sienne, Dominicaine comme lui. Ses obs\u00e8ques&#46;&#46;&#46;<\/p>\n","protected":false},"author":2,"featured_media":0,"comment_status":"open","ping_status":"open","sticky":false,"template":"","format":"standard","meta":{"footnotes":""},"categories":[],"tags":[],"class_list":["post-1212","post","type-post","status-publish","format-standard","hentry"],"_links":{"self":[{"href":"https:\/\/www.chapelle-crecy.com\/index.php?rest_route=\/wp\/v2\/posts\/1212","targetHints":{"allow":["GET"]}}],"collection":[{"href":"https:\/\/www.chapelle-crecy.com\/index.php?rest_route=\/wp\/v2\/posts"}],"about":[{"href":"https:\/\/www.chapelle-crecy.com\/index.php?rest_route=\/wp\/v2\/types\/post"}],"author":[{"embeddable":true,"href":"https:\/\/www.chapelle-crecy.com\/index.php?rest_route=\/wp\/v2\/users\/2"}],"replies":[{"embeddable":true,"href":"https:\/\/www.chapelle-crecy.com\/index.php?rest_route=%2Fwp%2Fv2%2Fcomments&post=1212"}],"version-history":[{"count":0,"href":"https:\/\/www.chapelle-crecy.com\/index.php?rest_route=\/wp\/v2\/posts\/1212\/revisions"}],"wp:attachment":[{"href":"https:\/\/www.chapelle-crecy.com\/index.php?rest_route=%2Fwp%2Fv2%2Fmedia&parent=1212"}],"wp:term":[{"taxonomy":"category","embeddable":true,"href":"https:\/\/www.chapelle-crecy.com\/index.php?rest_route=%2Fwp%2Fv2%2Fcategories&post=1212"},{"taxonomy":"post_tag","embeddable":true,"href":"https:\/\/www.chapelle-crecy.com\/index.php?rest_route=%2Fwp%2Fv2%2Ftags&post=1212"}],"curies":[{"name":"wp","href":"https:\/\/api.w.org\/{rel}","templated":true}]}}