{"id":1223,"date":"2019-07-04T19:11:00","date_gmt":"2019-07-04T19:11:00","guid":{"rendered":""},"modified":"-0001-11-30T00:00:00","modified_gmt":"-0001-11-29T22:00:00","slug":"","status":"publish","type":"post","link":"https:\/\/www.chapelle-crecy.com\/?p=1223","title":{"rendered":"Rentr\u00e9e 2019"},"content":{"rendered":"<p>Inscription le samedi 7 septembre 2019 de 10h \u00e0\u00a0 12h aux salles paroissiales<br \/>\nInscription au forum des associations le dimanche 8 septembre de 10h \u00e0\u00a0 18h :<br \/>\n&#8211; Eveil \u00e0\u00a0 la foi \u00e0\u00a0 partir du CP<br \/>\n&#8211; 1\u00e8re Ann\u00e9e de KT enfant en CE2<br \/>\n&#8211; 2\u00e8me Ann\u00e9e de KT enfant en CM1<br \/>\n&#8211; 3\u00e8me Ann\u00e9e de KT enfant en CM2<br \/>\n&#8211; 4\u00e8me Ann\u00e9e de KT enfant en 6\u00e8me<br \/>\n<b>Aumonerie <\/b><br \/>\n1\u00e8re r\u00e9union : samedi 14 septembre \u00e0\u00a0 17h \u00e0\u00a0 l&rsquo;\u00e9glise de Montry<\/p>\n<p><u><a href=\"http:\/\/www.chapelle-crecy.com\/IMG\/pdf\/dates_cate_2019_2020.pdf\">Ci-joint \u00e0\u00a0 t\u00e9l\u00e9charger<\/div>\n<p><\/u> le calendrier avec les dates des messes en famille en pr\u00e9cisant que la messe du 15 septembre est en famille avec b\u00e9n\u00e9diction des cartables<\/p>\n","protected":false},"excerpt":{"rendered":"<p>Inscription le samedi 7 septembre 2019 de 10h \u00e0\u00a0 12h aux salles paroissiales Inscription au forum des associations le dimanche 8 septembre de 10h \u00e0\u00a0 18h : &#8211; Eveil \u00e0\u00a0 la foi \u00e0\u00a0 partir&#46;&#46;&#46;<\/p>\n","protected":false},"author":2,"featured_media":0,"comment_status":"open","ping_status":"open","sticky":false,"template":"","format":"standard","meta":{"footnotes":""},"categories":[],"tags":[],"class_list":["post-1223","post","type-post","status-publish","format-standard","hentry"],"_links":{"self":[{"href":"https:\/\/www.chapelle-crecy.com\/index.php?rest_route=\/wp\/v2\/posts\/1223","targetHints":{"allow":["GET"]}}],"collection":[{"href":"https:\/\/www.chapelle-crecy.com\/index.php?rest_route=\/wp\/v2\/posts"}],"about":[{"href":"https:\/\/www.chapelle-crecy.com\/index.php?rest_route=\/wp\/v2\/types\/post"}],"author":[{"embeddable":true,"href":"https:\/\/www.chapelle-crecy.com\/index.php?rest_route=\/wp\/v2\/users\/2"}],"replies":[{"embeddable":true,"href":"https:\/\/www.chapelle-crecy.com\/index.php?rest_route=%2Fwp%2Fv2%2Fcomments&post=1223"}],"version-history":[{"count":0,"href":"https:\/\/www.chapelle-crecy.com\/index.php?rest_route=\/wp\/v2\/posts\/1223\/revisions"}],"wp:attachment":[{"href":"https:\/\/www.chapelle-crecy.com\/index.php?rest_route=%2Fwp%2Fv2%2Fmedia&parent=1223"}],"wp:term":[{"taxonomy":"category","embeddable":true,"href":"https:\/\/www.chapelle-crecy.com\/index.php?rest_route=%2Fwp%2Fv2%2Fcategories&post=1223"},{"taxonomy":"post_tag","embeddable":true,"href":"https:\/\/www.chapelle-crecy.com\/index.php?rest_route=%2Fwp%2Fv2%2Ftags&post=1223"}],"curies":[{"name":"wp","href":"https:\/\/api.w.org\/{rel}","templated":true}]}}