{"id":1269,"date":"2020-03-24T19:53:46","date_gmt":"2020-03-24T19:53:46","guid":{"rendered":""},"modified":"-0001-11-30T00:00:00","modified_gmt":"-0001-11-29T22:00:00","slug":"","status":"publish","type":"post","link":"https:\/\/www.chapelle-crecy.com\/?p=1269","title":{"rendered":"Les \u00e9v\u00eaques de France ont lanc\u00e9 un appel symbolique \u00e0\u00a0 tous les Fran\u00e7ais pour qu&rsquo;ils allument des bougies \u00e0\u00a0 leurs fen\u00eatres mercredi 25 mars  \u00e0\u00a0 l&rsquo;occasion de la f\u00eate de l&rsquo;Annonciation."},"content":{"rendered":"<div align=\"justify\">R\u00e9pondons tous ensemble dans l&rsquo;unit\u00e9, \u00e0\u00a0 l&rsquo;invitation des \u00e9v\u00eaques de France et \u00e0\u00a0 celle du Pape Fran\u00e7ois, \u00e9galement:<\/p>\n<p>&#8211;  le mercredi 25 mars \u00e0\u00a0 12h : que tous les chr\u00e9tiens r\u00e9citent le Notre P\u00e8re afin que \u00ab\u00a0le Seigneur \u00ab\u00a0entende la pri\u00e8re unanime de tous ses disciples qui se pr\u00e9parent \u00e0\u00a0 c\u00e9l\u00e9brer la victoire du Christ ressuscit\u00e9\u00a0\u00bb<\/p>\n<p>&#8211; le mercredi 25 mars \u00e0\u00a0 19h30:<\/p>\n<p>Un peu partout en France, les cloches de toutes les \u00e9glises sonneront pendant dix minutes, non pour appeler les fid\u00e8les \u00e0\u00a0 s&rsquo;y rendre, mais pour manifester notre fraternit\u00e9 et notre espoir commun.<br \/>\nElles sonneront comme elles ont sonn\u00e9 aux grandes heures de notre histoire, la lib\u00e9ration par exemple. En r\u00e9ponse \u00e0\u00a0 ce signe d&rsquo;espoir, nos invitons tous ceux qui le voudront \u00e0\u00a0 allumer des bougies \u00e0\u00a0 leur fen\u00eatre.<br \/>\nCe geste, qui est de tradition dans la ville de Lyon, est un signe d&rsquo;esp\u00e9rance qui transcende les convictions particuli\u00e8res: celui de la lumi\u00e8re qui brille dans les t\u00e9n\u00e8bres !<\/p>\n<p>&#8211; le 27 mars \u00e0\u00a0 18h : le Pape va pr\u00e9sider un moment de pri\u00e8re dans la basilique St Pierre, et invite tous les catholiques du monde entier \u00e0\u00a0 participer spirituellement \u00e0\u00a0 travers les m\u00e9dias.<br \/>\nEn Union de Pri\u00e8res.\n<\/p><\/div>\n","protected":false},"excerpt":{"rendered":"<p>R\u00e9pondons tous ensemble dans l&rsquo;unit\u00e9, \u00e0\u00a0 l&rsquo;invitation des \u00e9v\u00eaques de France et \u00e0\u00a0 celle du Pape Fran\u00e7ois, \u00e9galement: &#8211; le mercredi 25 mars \u00e0\u00a0 12h : que tous les chr\u00e9tiens r\u00e9citent le Notre P\u00e8re&#46;&#46;&#46;<\/p>\n","protected":false},"author":2,"featured_media":0,"comment_status":"open","ping_status":"open","sticky":false,"template":"","format":"standard","meta":{"footnotes":""},"categories":[],"tags":[],"class_list":["post-1269","post","type-post","status-publish","format-standard","hentry"],"_links":{"self":[{"href":"https:\/\/www.chapelle-crecy.com\/index.php?rest_route=\/wp\/v2\/posts\/1269","targetHints":{"allow":["GET"]}}],"collection":[{"href":"https:\/\/www.chapelle-crecy.com\/index.php?rest_route=\/wp\/v2\/posts"}],"about":[{"href":"https:\/\/www.chapelle-crecy.com\/index.php?rest_route=\/wp\/v2\/types\/post"}],"author":[{"embeddable":true,"href":"https:\/\/www.chapelle-crecy.com\/index.php?rest_route=\/wp\/v2\/users\/2"}],"replies":[{"embeddable":true,"href":"https:\/\/www.chapelle-crecy.com\/index.php?rest_route=%2Fwp%2Fv2%2Fcomments&post=1269"}],"version-history":[{"count":0,"href":"https:\/\/www.chapelle-crecy.com\/index.php?rest_route=\/wp\/v2\/posts\/1269\/revisions"}],"wp:attachment":[{"href":"https:\/\/www.chapelle-crecy.com\/index.php?rest_route=%2Fwp%2Fv2%2Fmedia&parent=1269"}],"wp:term":[{"taxonomy":"category","embeddable":true,"href":"https:\/\/www.chapelle-crecy.com\/index.php?rest_route=%2Fwp%2Fv2%2Fcategories&post=1269"},{"taxonomy":"post_tag","embeddable":true,"href":"https:\/\/www.chapelle-crecy.com\/index.php?rest_route=%2Fwp%2Fv2%2Ftags&post=1269"}],"curies":[{"name":"wp","href":"https:\/\/api.w.org\/{rel}","templated":true}]}}