{"id":1279,"date":"2020-04-15T14:42:11","date_gmt":"2020-04-15T14:42:11","guid":{"rendered":""},"modified":"-0001-11-30T00:00:00","modified_gmt":"-0001-11-29T22:00:00","slug":"","status":"publish","type":"post","link":"https:\/\/www.chapelle-crecy.com\/?p=1279","title":{"rendered":"Cet homme \u00e9tait le Fils de Dieu"},"content":{"rendered":"<div align =\"justify\">\n<p>Le Cri\u00a0\u00bb. connaissez-vous ?<br \/>\nUne oeuvre picturale plus que centenaire.<br \/>\nD&rsquo;Edvard Munch, artiste norv\u00e9gien.<br \/>\nSymbolisant l&rsquo;homme moderne que submerge l&rsquo;angoisse.<br \/>\nLe projet de ces lignes n&rsquo;est pas d&rsquo;en entreprendre le commentaire.<br \/>\nMais de noter simplement qu&rsquo;une version du Cri fut, il y a peu de temps, port\u00e9e aux ench\u00e8res \u00e0\u00a0 New York.<br \/>\n\u00ab\u00a0Salle comble. Vente n&rsquo;ayant dur\u00e9 que douze minutes. Les sept acheteurs ench\u00e9rissaient par tranches records\u00a0\u00bb.<br \/>\n\u00ab\u00a0Le Cri\u00a0\u00bb de l&rsquo;humain en d\u00e9r\u00e9liction atteignait  des montants qui d\u00e9passent l&rsquo;entendement.<br \/>\nA la neuvi\u00e8me heure, le Nazar\u00e9en mis en croix clama dans un grand cri : \u00ab\u00a0Mon Dieu, mon Dieu, pourquoi m&rsquo;as-tu abandonn\u00e9 ?\u00a0\u00bb<br \/>\nLaissant \u00e9chapper \u00e0\u00a0 nouveau un grand cri (Marc 15,37) \u00ab\u00a0Il expira\u00a0\u00bb.<br \/>\n\u00ab\u00a0Pour de vrai, cet homme \u00e9tait fils de Dieu !\u00a0\u00bb<br \/>\nActe de foi du centurion qui a vu comment le condamn\u00e9 a offert,  dans son r le agonisant,  le drame  de l&rsquo;humanit\u00e9.<br \/>\nActe de foi d&rsquo;une bouche dite \u00ab pa\u00efenne \u00bb valant plus que tout l&rsquo;or du monde non encore d\u00e9couvert.<br \/>\nCri filial. Cri de l&rsquo;humanit\u00e9.<br \/>\nNous nous battons contre le Covid.<br \/>\nCri d&rsquo;agonie  esseul\u00e9e. Cri de lutte m\u00e9dicale contre la montre. Cri de rage contre les erreurs strat\u00e9giques. Cri d&rsquo;impatience dans le d\u00e9fi du confinement. Cri devant l&rsquo;\u00e9conomie qui vacille. Cri devant demain, dont nul n&rsquo;ose bafouiller la pr\u00e9diction. Cri de panique pour ce qui contamine. Cri devant l&rsquo;absurde. Cri d&rsquo;interpellations au sujet   de tout ce qui n&rsquo;est pas Covid et ne doit pas \u00eatre oubli\u00e9 non plus.  Cri de joie devant les gu\u00e9risons. Cri d&rsquo;applaudissements  quand il est vingt heures. Cri d&rsquo;amour quand il se fait Skype. Cri de rire quand l&rsquo;humour vient d\u00e9compresser cette tension plan\u00e9taire. Cri d&rsquo;\u00e9merveillement quand la cr\u00e9ativit\u00e9 se fait fraternelle. Cri au nom de celui qui, sid\u00e9r\u00e9, ne sait crier.<br \/>\nCri de Munch, que le gratin new-yorkais s&rsquo;arrache,  f\u00fbt-ce hors de prix !<br \/>\nCri du Juste,  livr\u00e9 \u00e0\u00a0 ses bourreaux   trente pi\u00e8ces d&rsquo;argent (Mathieu 26,15), simple mois de salaire de l&rsquo;ouvrier, prix de l&rsquo;esclave (Exode 21,32) honoraire  du proph\u00e8te quand ses dires s&rsquo;accomplissent (Zacharie 11,12)<br \/>\nToile de l&rsquo;artiste qu&rsquo;on s&rsquo;arrache dans les salons.<br \/>\nVoile du sanctuaire qui se fend de haut en bas.<br \/>\nCieux qui se fendent pour le Bien Aim\u00e9 !<br \/>\nC&rsquo;est la P que de J\u00e9sus!<br \/>\nAvions-nous per\u00e7u sa signification tandis que la pr\u00e9sente \u00e9preuve nous frappe durement ?<br \/>\nAyons l&rsquo;humilit\u00e9 de le reconna\u00eetre :<br \/>\nConsommateurs empress\u00e9s de religion, comme on consomme tant d&rsquo;autres prestations, nous avions oubli\u00e9 le silence abyssal  du Samedi Saint.<br \/>\nNous nous demandions m\u00eame pu\u00e9rilement \u00e0\u00a0 \u00ab\u00a0quoi occuper\u00a0\u00bb tout ce samedi.<br \/>\nComme si le feu pascal n&rsquo;\u00e9tait qu&rsquo;un exutoire f\u00e9brile.<br \/>\nNous nous \u00e9tions accoutum\u00e9s \u00e0\u00a0 f\u00eater le Ressuscit\u00e9 en omettant ce vide o\u00f9 tout est abandonn\u00e9 \u00e0\u00a0 la nuit de l&rsquo;amour.<br \/>\nNous remplissions le samedi du d\u00e9ni de la mort dont Munch peint  si bien l&rsquo;attitude fugitive.<br \/>\nA tel point que nous concevions la P que comme l&rsquo;aubaine d&rsquo;un week-end prolong\u00e9  qu&rsquo;aucun la\u00efcard  n&rsquo;oserait \u00e9courter,  \u00e0\u00a0 commencer pour lui-m\u00eame&#8230;<br \/>\nChrist est ressuscit\u00e9 !<br \/>\nLes \u00e9v\u00e9nements nous pressent de retrouver le sens profond de ce sur quoi nous ne faisions que  surfer.<br \/>\nR\u00e9veillons-nous de cette torpeur spirituelle.<br \/>\nLes soignants s&rsquo;affairent courageusement dans la lutte pour que vive l&rsquo;homme.<br \/>\nMerci \u00e0\u00a0 eux cent mille fois.<br \/>\nRespectons  le \u00ab\u00a0comment?\u00a0\u00bb de leurs prescriptions.<br \/>\nMais n&rsquo;exigeons  pas d&rsquo;eux le \u00ab\u00a0pourquoi?\u00a0\u00bb du devenir humain.<br \/>\nNe commettons pas l&rsquo;erreur de mettre sur leurs \u00e9paules ce qui rel\u00e8ve de nous.<br \/>\nCherchons qui nous gu\u00e9rira aux profondeurs de nous-m\u00eames.<br \/>\nQue la lutte contre le Covid soit abrasive de tout ce qui doit \u00eatre b\u00each\u00e9  en nous.<br \/>\n\u00ab\u00a0Qu&rsquo;on me r\u00e9v\u00e8le un Dieu plus proche, plus amoureux des hommes, plus soucieux de notre humanit\u00e9 que ce Dieu-l\u00e0\u00a0, et je croirai en lui! \u00a0\u00bb dit Mgr Jean-Paul James.<br \/>\nIci est le secret pascal !<br \/>\nIl n&rsquo;est plus prochain  de chacun que ce Sauveur de tout le genre humain.<br \/>\nIl n&rsquo;est plus bless\u00e9 d&rsquo;amour  que ce Ressuscit\u00e9.<br \/>\nIl n&rsquo;est plus vivant que ce crucifi\u00e9.<br \/>\nIl n&rsquo;est plus aimant que ce bien aim\u00e9.<br \/>\nNous connaissions de Gaulle, le chef de la France Libre. Nous connaissons beaucoup moins de Gaulle, le p\u00e8re de tendresse envers Anne, sa fille handicap\u00e9e.<br \/>\nL&rsquo;aum nier de la 4e division cuirass\u00e9e entendit de ce grand combattant : \u00ab\u00a0Anne est ma joie et ma force. Elle est une gr ce de Dieu dans ma vie. Elle m&rsquo;aide \u00e0\u00a0 demeurer dans la modestie des limites et des impuissances humaines. Elle me garde dans la s\u00e9curit\u00e9 de l&rsquo;ob\u00e9issance, la souveraine volont\u00e9 de Dieu. Elle m&rsquo;aide \u00e0\u00a0 croire au sens et au but \u00e9ventuels de nos vies. A cette maison du P\u00e8re o\u00f9 ma fille Anne trouvera toute sa taille et son bonheur\u00a0\u00bb.<br \/>\n\u00e9minente humilit\u00e9 d&rsquo;un grand, un tr\u00e8s grand, qui se fait bien petit devant le myst\u00e8re de l&rsquo;amour, et y puise l&rsquo;\u00e9nergie de ses luttes !<br \/>\nLa n\u00e9cessaire prolongation du confinement mettra \u00e0\u00a0 l&rsquo;\u00e9preuve en nous la capacit\u00e9 du meilleur comme du moins honorable.<br \/>\nLe temps pascal sera ce que de Gaulle nomme comme v\u00e9ritable \u00e9cole sur nous-m\u00eames. Le temps pascal  vivifiera en nous ce qui doit advenir comme fruit de cet acquiescement. La P que 2020  nous concentre \u00e0\u00a0 la fois pleinement contre le Covid et nous redit que l&rsquo;homme passe infiniment l&rsquo;homme quand il consent \u00e0\u00a0 l&rsquo;amour.<br \/>\nVenez au feu de P\u00e2ques ! Laissez-vous embraser.\n<\/p><\/div>\n","protected":false},"excerpt":{"rendered":"<p>Le Cri\u00a0\u00bb. connaissez-vous ? Une oeuvre picturale plus que centenaire. D&rsquo;Edvard Munch, artiste norv\u00e9gien. Symbolisant l&rsquo;homme moderne que submerge l&rsquo;angoisse. Le projet de ces lignes n&rsquo;est pas d&rsquo;en entreprendre le commentaire. Mais de noter&#46;&#46;&#46;<\/p>\n","protected":false},"author":2,"featured_media":0,"comment_status":"open","ping_status":"open","sticky":false,"template":"","format":"standard","meta":{"footnotes":""},"categories":[],"tags":[],"class_list":["post-1279","post","type-post","status-publish","format-standard","hentry"],"_links":{"self":[{"href":"https:\/\/www.chapelle-crecy.com\/index.php?rest_route=\/wp\/v2\/posts\/1279","targetHints":{"allow":["GET"]}}],"collection":[{"href":"https:\/\/www.chapelle-crecy.com\/index.php?rest_route=\/wp\/v2\/posts"}],"about":[{"href":"https:\/\/www.chapelle-crecy.com\/index.php?rest_route=\/wp\/v2\/types\/post"}],"author":[{"embeddable":true,"href":"https:\/\/www.chapelle-crecy.com\/index.php?rest_route=\/wp\/v2\/users\/2"}],"replies":[{"embeddable":true,"href":"https:\/\/www.chapelle-crecy.com\/index.php?rest_route=%2Fwp%2Fv2%2Fcomments&post=1279"}],"version-history":[{"count":0,"href":"https:\/\/www.chapelle-crecy.com\/index.php?rest_route=\/wp\/v2\/posts\/1279\/revisions"}],"wp:attachment":[{"href":"https:\/\/www.chapelle-crecy.com\/index.php?rest_route=%2Fwp%2Fv2%2Fmedia&parent=1279"}],"wp:term":[{"taxonomy":"category","embeddable":true,"href":"https:\/\/www.chapelle-crecy.com\/index.php?rest_route=%2Fwp%2Fv2%2Fcategories&post=1279"},{"taxonomy":"post_tag","embeddable":true,"href":"https:\/\/www.chapelle-crecy.com\/index.php?rest_route=%2Fwp%2Fv2%2Ftags&post=1279"}],"curies":[{"name":"wp","href":"https:\/\/api.w.org\/{rel}","templated":true}]}}