{"id":1281,"date":"2020-05-28T22:04:36","date_gmt":"2020-05-28T22:04:36","guid":{"rendered":""},"modified":"-0001-11-30T00:00:00","modified_gmt":"-0001-11-29T22:00:00","slug":"","status":"publish","type":"post","link":"https:\/\/www.chapelle-crecy.com\/?p=1281","title":{"rendered":"Reprise des messes"},"content":{"rendered":"<div align=\"justify\">Quelle joie de vous informer de la reprise des c\u00e9l\u00e9brations sur notre secteur pour la f\u00eate de la Pentec\u00f4te ce dernier week-end de mai ! Nous \u00e9tions dans l&rsquo;obligation de pr\u00e9parer nos \u00e9glises pour respecter les r\u00e8gles impos\u00e9es par le respect des gestes de protection et nous sommes pr\u00eats pour vous accueillir pour f\u00eater en communaut\u00e9 la venue de l&rsquo;Esprit Saint sur les ap\u00f4tres et la naissance de l&rsquo;Eglise. <\/p>\n<p>La joie de se retrouver implique n\u00e9anmoins le respect de consignes dont je reprends la liste \u00e9manant de la communication dioc\u00e9saine :<br \/>\n&#8211; Venir avec un masque (obligatoire \u00e0 partir de 11 ans pendant tout le d\u00e9roulement de la messe)<br \/>\n&#8211; Se d\u00e9sinfecter les mains avec du gel hydroalcoolique \u00e0 l&rsquo;entr\u00e9e de l&rsquo;\u00e9glise<br \/>\n&#8211; Garder une distance d&rsquo;au moins 1 m en toute circonstance avec les autres personnes<br \/>\n&#8211; \u00c3\u0160tre attentif aux consignes qui me seront donn\u00e9es par les \u00e9quipes paroissiales<br \/>\n&#8211; Discerner si je suis une personne \u00e0 risque. La messe \u00e0 Notre Dame du march\u00e9 sera diffus\u00e9e en direct \u00e0 11h30 sur Youtube My Cathomeaux. Des messes t\u00e9l\u00e9vis\u00e9es sont propos\u00e9es sur France 2 et KTO).<\/p><\/div>\n<div align=\"justify\">Trois c\u00e9l\u00e9brations le secteur vont se tenir ce week-end; les p\u00e8res Philippe et Peterson ont en effet propos\u00e9 que deux messes dominicales se tiennent dimanche, une en matin\u00e9e, une autre en soir\u00e9e, car les r\u00e8gles de distance \u00e0 respecter ont comme cons\u00e9quence une diminution de capacit\u00e9 d&rsquo;accueil des fid\u00e8les sur chaque site, avec un nombre maximal de personnes pouvant assister \u00e0 la messe. Il se peut donc que l&rsquo;\u00e9quipe d&rsquo;accueil pr\u00e9sente \u00e0 l&rsquo;entr\u00e9e de l&rsquo;\u00e9glise vous invite, dans le cas o\u00f9 ce nombre maximal de paroissiens soit d\u00e9j\u00e0 atteint au moment de votre arriv\u00e9e, \u00e0 assister \u00e0 une autre messe. Nous comprenons ais\u00e9ment que vous puissiez trouver cette r\u00e8gle un peu rigide mais nous ne pouvons pas l&rsquo;enfeindre. Nous comptons sur votre bienveillance pour bien l&rsquo;accepter dans le cas o\u00f9 vous serez dans la situation de la suivre scrupuleusement. Merci d&rsquo;avance de votre compr\u00e9hension.<\/p>\n<p>Les horaires des messes de ce week-end sont les suivantes :<br \/>\n&#8211; samedi 30 mai \u00e0 18h30 \u00e0 Voulangis (capacit\u00e9 maximale  52 personnes)<br \/>\n&#8211; dimanche 31 mai \u00e0 9h45 \u00e0 la Coll\u00e9giale \u00e0 Cr\u00e9cy (capacit\u00e9 maximale = 75 personnes)<br \/>\n&#8211; dimanche 31 mai \u00e0 18h \u00e0 l&rsquo;\u00e9glise saint Georges et saint Louis \u00e0 Cr\u00e9cy (capacit\u00e9 maximale = 50 personnes)<\/p>\n<p>L&rsquo;entr\u00e9e et la sortie de l&rsquo;\u00e9glise se feront par les grandes portes.<\/p>\n<p>Une \u00e9quipe d&rsquo;accueil est pr\u00e9sente \u00e0 l&rsquo;entr\u00e9e. <\/p>\n<p>Les places indisponibles sont signalis\u00e9es par une petite affiche d&rsquo;interdiction de s&rsquo;asseoir.<\/p>\n<p>La communion sera donn\u00e9e dans la main. Il y aura une procession \u00e0 la Coll\u00e9giale et \u00e0 saint Georges (avec respect des distances marqu\u00e9es au sol) mais \u00e0 Voulangis, ce sera le c\u00e9l\u00e9brant qui se d\u00e9placera pour vous donner la communion \u00e0 votre place. Le masque sera toujours port\u00e9, c&rsquo;est seulement au moment de prendre la sainte hostie dans votre bouche que vous soul\u00e8verez votre masque.<\/p>\n<p>La qu\u00eate sera faite \u00e0 la fin de la messe \u00e0 la sortie de l&rsquo;\u00e9glise, des paniers y seront dispos\u00e9s.<\/p>\n<p>Nous sortirons de l&rsquo;\u00e9glise en respectant les distances, par rang\u00e9e en commen\u00e7ant par le fond.<\/p>\n<p>Un grand merci de suivre les indications qui vous seront donn\u00e9es.<\/p>\n<p>A bient\u00f4t, avec la h\u00e2te de se retrouver.<\/p>\n<p>Thierry<\/p><\/div>\n","protected":false},"excerpt":{"rendered":"<p>Quelle joie de vous informer de la reprise des c\u00e9l\u00e9brations sur notre secteur pour la f\u00eate de la Pentec\u00f4te ce dernier week-end de mai ! Nous \u00e9tions dans l&rsquo;obligation de pr\u00e9parer nos \u00e9glises pour&#46;&#46;&#46;<\/p>\n","protected":false},"author":2,"featured_media":0,"comment_status":"open","ping_status":"open","sticky":false,"template":"","format":"standard","meta":{"footnotes":""},"categories":[],"tags":[],"class_list":["post-1281","post","type-post","status-publish","format-standard","hentry"],"_links":{"self":[{"href":"https:\/\/www.chapelle-crecy.com\/index.php?rest_route=\/wp\/v2\/posts\/1281","targetHints":{"allow":["GET"]}}],"collection":[{"href":"https:\/\/www.chapelle-crecy.com\/index.php?rest_route=\/wp\/v2\/posts"}],"about":[{"href":"https:\/\/www.chapelle-crecy.com\/index.php?rest_route=\/wp\/v2\/types\/post"}],"author":[{"embeddable":true,"href":"https:\/\/www.chapelle-crecy.com\/index.php?rest_route=\/wp\/v2\/users\/2"}],"replies":[{"embeddable":true,"href":"https:\/\/www.chapelle-crecy.com\/index.php?rest_route=%2Fwp%2Fv2%2Fcomments&post=1281"}],"version-history":[{"count":0,"href":"https:\/\/www.chapelle-crecy.com\/index.php?rest_route=\/wp\/v2\/posts\/1281\/revisions"}],"wp:attachment":[{"href":"https:\/\/www.chapelle-crecy.com\/index.php?rest_route=%2Fwp%2Fv2%2Fmedia&parent=1281"}],"wp:term":[{"taxonomy":"category","embeddable":true,"href":"https:\/\/www.chapelle-crecy.com\/index.php?rest_route=%2Fwp%2Fv2%2Fcategories&post=1281"},{"taxonomy":"post_tag","embeddable":true,"href":"https:\/\/www.chapelle-crecy.com\/index.php?rest_route=%2Fwp%2Fv2%2Ftags&post=1281"}],"curies":[{"name":"wp","href":"https:\/\/api.w.org\/{rel}","templated":true}]}}