{"id":1282,"date":"2020-05-31T11:23:33","date_gmt":"2020-05-31T11:23:33","guid":{"rendered":""},"modified":"-0001-11-30T00:00:00","modified_gmt":"-0001-11-29T22:00:00","slug":"","status":"publish","type":"post","link":"https:\/\/www.chapelle-crecy.com\/?p=1282","title":{"rendered":"Annonces du 1er au 7 juin 2020"},"content":{"rendered":"<div align=\"justify\">Voici les annonces de la semaine du lundi 1er au dimanche 7 juin pour la paroisse des 3 clochers Cr\u00e9cy-la-Chapelle, Villiers-sur-Morin, Voulangis. <\/p>\n<p>Samedi 6 juin 2020 \u00e0\u00a0 18 h 30, messe \u00e0\u00a0 Villiers<br \/>\nDimanche 7 juin \u00e0\u00a0 9 h 45, messe \u00e0\u00a0 la coll\u00e9giale,<br \/>\n18 h , messe \u00e0\u00a0 Cr\u00e9cy. <\/p>\n<p>Tous les d\u00e9tails dans la suite &#8230;<\/p><\/div>\n<div align=\"center\">\n<table bgcolor =\"F0FFF6\" border=0>\n<tbody>\n<tr>\n<td width=400><font color=\"00CC00\"><\/p>\n<div align=\"center\">\n<b>Lundi 1er juin<\/b><br \/>\nPas de Messe en paroisse.<\/p>\n<p><b>Mardi 2 juin<\/b><br \/>\n<i>Sainte Blandine<\/i><br \/>\n18 h &#8211; Messe \u00e0 Cr\u00e9cy pour les Ames du Purgatoire.<\/p>\n<p><b>Mercredi 3 juin<\/b><br \/>\n9 h &#8211; Messe \u00e0 Cr\u00e9cy pour Lucette BORNIER.\n<\/div>\n<p><\/font><\/td>\n<td><font color=\"00CC00\"><\/p>\n<div align=\"center\"><img decoding=\"async\" src=\"\/IMG\/personnes\/blandine.jpg\" width=200><br \/><i>Sainte Blandine<\/i><\/div>\n<p><\/font><\/td>\n<\/tr>\n<\/tbody>\n<\/table>\n<p><\/p>\n<table bgcolor =\"F0F0F6\" border=0>\n<tbody>\n<td><font color=\"0E0C40\"><\/p>\n<div align=\"center\"><img decoding=\"async\" src=\"\/IMG\/personnes\/norbert.jpg\" width=200><br \/><i>Saint Norbert<\/i><\/div>\n<p><\/font><\/td>\n<td width=400><font color=\"0E0C40\"><\/p>\n<div align=\"center\">\n<b>Jeudi 4 juin<\/b><br \/>\n18 h &#8211; Messe \u00e0 Cr\u00e9cy pour les familles ROSIER-CHIQUET.<\/p>\n<p><b>Vendredi 5 juin<\/b><br \/>\nPas de Messe en paroisse.<\/p>\n<p><b>Samedi 6 juin<\/b><br \/>\n<i>Saint Norbert<\/i><br \/>\n18 h 30 &#8211; Messe \u00e0  Villiers  pour les d\u00e9funts de la famille BOURLOIS. Nous prions aussi pour  Ren\u00e9 BUSSINGER inhum\u00e9 la semaine derni\u00e8re.<\/p>\n<p><b>Dimanche 7 juin<\/b><br \/>\n<i>SAINTE TRINITE<\/i><br \/>\n9 h 45 &#8211; Messe \u00e0 la Coll\u00e9giale pour Lancelot RUYSSCHAERT.<br \/>\n18 h &#8211; Messe \u00e0 Cr\u00e9cy pour Simone FREMONT.\n<\/div>\n<p><\/font><\/td>\n<\/tr>\n<\/tbody>\n<\/table>\n<p> \n<\/div>\n","protected":false},"excerpt":{"rendered":"<p>Voici les annonces de la semaine du lundi 1er au dimanche 7 juin pour la paroisse des 3 clochers Cr\u00e9cy-la-Chapelle, Villiers-sur-Morin, Voulangis. Samedi 6 juin 2020 \u00e0\u00a0 18 h 30, messe \u00e0\u00a0 Villiers Dimanche&#46;&#46;&#46;<\/p>\n","protected":false},"author":2,"featured_media":0,"comment_status":"open","ping_status":"open","sticky":false,"template":"","format":"standard","meta":{"footnotes":""},"categories":[],"tags":[],"class_list":["post-1282","post","type-post","status-publish","format-standard","hentry"],"_links":{"self":[{"href":"https:\/\/www.chapelle-crecy.com\/index.php?rest_route=\/wp\/v2\/posts\/1282","targetHints":{"allow":["GET"]}}],"collection":[{"href":"https:\/\/www.chapelle-crecy.com\/index.php?rest_route=\/wp\/v2\/posts"}],"about":[{"href":"https:\/\/www.chapelle-crecy.com\/index.php?rest_route=\/wp\/v2\/types\/post"}],"author":[{"embeddable":true,"href":"https:\/\/www.chapelle-crecy.com\/index.php?rest_route=\/wp\/v2\/users\/2"}],"replies":[{"embeddable":true,"href":"https:\/\/www.chapelle-crecy.com\/index.php?rest_route=%2Fwp%2Fv2%2Fcomments&post=1282"}],"version-history":[{"count":0,"href":"https:\/\/www.chapelle-crecy.com\/index.php?rest_route=\/wp\/v2\/posts\/1282\/revisions"}],"wp:attachment":[{"href":"https:\/\/www.chapelle-crecy.com\/index.php?rest_route=%2Fwp%2Fv2%2Fmedia&parent=1282"}],"wp:term":[{"taxonomy":"category","embeddable":true,"href":"https:\/\/www.chapelle-crecy.com\/index.php?rest_route=%2Fwp%2Fv2%2Fcategories&post=1282"},{"taxonomy":"post_tag","embeddable":true,"href":"https:\/\/www.chapelle-crecy.com\/index.php?rest_route=%2Fwp%2Fv2%2Ftags&post=1282"}],"curies":[{"name":"wp","href":"https:\/\/api.w.org\/{rel}","templated":true}]}}