{"id":1283,"date":"2020-06-07T09:48:12","date_gmt":"2020-06-07T09:48:12","guid":{"rendered":""},"modified":"-0001-11-30T00:00:00","modified_gmt":"-0001-11-29T22:00:00","slug":"","status":"publish","type":"post","link":"https:\/\/www.chapelle-crecy.com\/?p=1283","title":{"rendered":"Annonces du 8 au 14 juin 2020"},"content":{"rendered":"<div align=\"justify\">Voici les annonces de la semaine du lundi 8 au dimanche 14 juin pour la paroisse des 3 clochers Cr\u00e9cy-la-Chapelle, Villiers-sur-Morin, Voulangis. <\/p>\n<p>Samedi 13 juin 2020 \u00e0\u00a0 18 h 30, messe \u00e0\u00a0 Voulangis,<br \/>\nDimanche 14 juin \u00e0\u00a0 9 h 45, messe \u00e0\u00a0 la coll\u00e9giale<\/p>\n<p>Tous les d\u00e9tails dans la suite &#8230;<\/p><\/div>\n<div align=\"center\">\n<table bgcolor =\"F0FFF6\" border=0>\n<tbody>\n<tr>\n<td width=400><font color=\"00CC00\"><\/p>\n<div align=\"center\">\n<b>Lundi 8 juin<\/b><br \/>\nPas de Messe en paroisse.<\/p>\n<p><b>Mardi 9 juin<\/b><br \/>\n18 h &#8211; Messe \u00e0 Cr\u00e9cy pour Gaby BEAUMONT et Madeleine RABOUAN.<\/p>\n<p><b>Mercredi 10 juin<\/b><br \/>\n<i>Saint Barnab\u00e9<\/i><br \/>\n9 h &#8211; Messe \u00e0 Cr\u00e9cy pour et Bernard CLUIS et R\u00e9gine MEUNIER.\n<\/div>\n<p><\/font><\/td>\n<td><font color=\"00CC00\"><\/p>\n<div align=\"center\"><img decoding=\"async\" src=\"\/IMG\/personnes\/barnabe.jpg\" width=200><br \/><i>Saint Barnab\u00e9<\/i><\/div>\n<p><\/font><\/td>\n<\/tr>\n<\/tbody>\n<\/table>\n<p><\/p>\n<table bgcolor =\"F0F0F6\" border=0>\n<tbody>\n<td><font color=\"0E0C40\"><\/p>\n<div align=\"center\"><img decoding=\"async\" src=\"\/IMG\/personnes\/antoine.jpg\" width=200><br \/><i>Saint Antoine de Padoue<\/i><\/div>\n<p><\/font><\/td>\n<td width=400><font color=\"0E0C40\"><\/p>\n<div align=\"center\">\n<b>Jeudi 11 juin<\/b><br \/>\n18 h &#8211; Messe \u00e0 Cr\u00e9cy pour  Marie MOREL et Huguette ROUART.<\/p>\n<p><b>Vendredi 12 juin<\/b><br \/>\nPas de Messe en paroisse.<\/p>\n<p><b>Samedi 13 juin<\/b><br \/>\n<i>Saint Antoine de Padoue<\/i><br \/>\n18 h 30 &#8211; Messe \u00e0 Voulangis pour Jean ROSIER.<\/p>\n<p><b>Dimanche 14 juin<\/b><br \/>\n<i>F\u00eate CORPS ET DU  SANG DU CHRIST<\/i><br \/>\n9 h 45 &#8211; Messe \u00e0 la Coll\u00e9giale pour Jeanne PANHARD.\n<\/div>\n<p><\/font><\/td>\n<\/tr>\n<\/tbody>\n<\/table>\n<p> \n<\/div>\n","protected":false},"excerpt":{"rendered":"<p>Voici les annonces de la semaine du lundi 8 au dimanche 14 juin pour la paroisse des 3 clochers Cr\u00e9cy-la-Chapelle, Villiers-sur-Morin, Voulangis. Samedi 13 juin 2020 \u00e0\u00a0 18 h 30, messe \u00e0\u00a0 Voulangis, Dimanche&#46;&#46;&#46;<\/p>\n","protected":false},"author":2,"featured_media":0,"comment_status":"open","ping_status":"open","sticky":false,"template":"","format":"standard","meta":{"footnotes":""},"categories":[],"tags":[],"class_list":["post-1283","post","type-post","status-publish","format-standard","hentry"],"_links":{"self":[{"href":"https:\/\/www.chapelle-crecy.com\/index.php?rest_route=\/wp\/v2\/posts\/1283","targetHints":{"allow":["GET"]}}],"collection":[{"href":"https:\/\/www.chapelle-crecy.com\/index.php?rest_route=\/wp\/v2\/posts"}],"about":[{"href":"https:\/\/www.chapelle-crecy.com\/index.php?rest_route=\/wp\/v2\/types\/post"}],"author":[{"embeddable":true,"href":"https:\/\/www.chapelle-crecy.com\/index.php?rest_route=\/wp\/v2\/users\/2"}],"replies":[{"embeddable":true,"href":"https:\/\/www.chapelle-crecy.com\/index.php?rest_route=%2Fwp%2Fv2%2Fcomments&post=1283"}],"version-history":[{"count":0,"href":"https:\/\/www.chapelle-crecy.com\/index.php?rest_route=\/wp\/v2\/posts\/1283\/revisions"}],"wp:attachment":[{"href":"https:\/\/www.chapelle-crecy.com\/index.php?rest_route=%2Fwp%2Fv2%2Fmedia&parent=1283"}],"wp:term":[{"taxonomy":"category","embeddable":true,"href":"https:\/\/www.chapelle-crecy.com\/index.php?rest_route=%2Fwp%2Fv2%2Fcategories&post=1283"},{"taxonomy":"post_tag","embeddable":true,"href":"https:\/\/www.chapelle-crecy.com\/index.php?rest_route=%2Fwp%2Fv2%2Ftags&post=1283"}],"curies":[{"name":"wp","href":"https:\/\/api.w.org\/{rel}","templated":true}]}}