{"id":1301,"date":"2020-10-03T18:19:21","date_gmt":"2020-10-03T18:19:21","guid":{"rendered":""},"modified":"-0001-11-30T00:00:00","modified_gmt":"-0001-11-29T22:00:00","slug":"","status":"publish","type":"post","link":"https:\/\/www.chapelle-crecy.com\/?p=1301","title":{"rendered":"Annonces du 5 au 11 octobre 2020"},"content":{"rendered":"<div align=\"justify\">Voici les annonces de la p\u00e9riode du lundi 5 au dimanche 11 octobre pour la paroisse des 3 clochers Cr\u00e9cy-la-Chapelle, Villiers-sur-Morin, Voulangis. <\/p>\n<p>Samedi 10 octobre \u00e0\u00a0 18 h30, messe \u00e0\u00a0 Voulangis,<br \/>\nDimanche 11 octobre \u00e0\u00a0 9 h 45, messe \u00e0\u00a0 la coll\u00e9giale.<br \/>\n<br \/>\nTous les d\u00e9tails dans la suite &#8230;<\/div>\n<div align=\"center\">\n<table bgcolor =\"F0FFF6\" border=0>\n<tbody>\n<tr>\n<td width=400><font color=\"00CC00\"><\/p>\n<div align=\"center\">\n<b>Mardi 6 octobre<\/b><br \/>\n<i>Saint Bruno<\/i><br \/>\n18 h &#8211; Messe \u00e0 Cr\u00e9cy pourAndr\u00e9 PANHARD.<\/p>\n<p><b>Jeudi 8 octobre<\/b><br \/>\n9 h &#8211; Messe \u00e0 Cr\u00e9cy.<\/p>\n<p>\n<b>Samedi 10 octobre<\/b><\/br><br \/>\n18 h 30 &#8211; \u00e0 Voulangis, Messe anniversaire pour Maryvonne MATHONNET.<\/p>\n<p>\n<b>Dimanche 11 octobre<\/b><br \/>\n9 h 45 &#8211; Messe \u00e0 la Coll\u00e9giale pour Marie-Annick COURTOIS<br \/>\nBapt\u00eame de  Sol\u00e8ne LE GUEN BARTOLI.<br \/>\nB\u00e9n\u00e9diction de la statue de Sainte Jeanne d&rsquo;Arc.<br \/>\n QUETE SECIALE POUR  LA PASTORALE DE L&rsquo;ENFANCE ET DE LA JEUNESSE.\n<\/div>\n<p><\/font><\/td>\n<td><font color=\"00CC00\"><\/p>\n<div align=\"center\"><img decoding=\"async\" src=\"\/IMG\/personnes\/bruno.jpg\" width=200><br \/><i>Saint Bruno<\/i><\/div>\n<p><\/font><\/td>\n<\/tr>\n<\/tbody>\n<\/table>\n<\/div>\n","protected":false},"excerpt":{"rendered":"<p>Voici les annonces de la p\u00e9riode du lundi 5 au dimanche 11 octobre pour la paroisse des 3 clochers Cr\u00e9cy-la-Chapelle, Villiers-sur-Morin, Voulangis. Samedi 10 octobre \u00e0\u00a0 18 h30, messe \u00e0\u00a0 Voulangis, Dimanche 11 octobre&#46;&#46;&#46;<\/p>\n","protected":false},"author":2,"featured_media":0,"comment_status":"open","ping_status":"open","sticky":false,"template":"","format":"standard","meta":{"footnotes":""},"categories":[],"tags":[],"class_list":["post-1301","post","type-post","status-publish","format-standard","hentry"],"_links":{"self":[{"href":"https:\/\/www.chapelle-crecy.com\/index.php?rest_route=\/wp\/v2\/posts\/1301","targetHints":{"allow":["GET"]}}],"collection":[{"href":"https:\/\/www.chapelle-crecy.com\/index.php?rest_route=\/wp\/v2\/posts"}],"about":[{"href":"https:\/\/www.chapelle-crecy.com\/index.php?rest_route=\/wp\/v2\/types\/post"}],"author":[{"embeddable":true,"href":"https:\/\/www.chapelle-crecy.com\/index.php?rest_route=\/wp\/v2\/users\/2"}],"replies":[{"embeddable":true,"href":"https:\/\/www.chapelle-crecy.com\/index.php?rest_route=%2Fwp%2Fv2%2Fcomments&post=1301"}],"version-history":[{"count":0,"href":"https:\/\/www.chapelle-crecy.com\/index.php?rest_route=\/wp\/v2\/posts\/1301\/revisions"}],"wp:attachment":[{"href":"https:\/\/www.chapelle-crecy.com\/index.php?rest_route=%2Fwp%2Fv2%2Fmedia&parent=1301"}],"wp:term":[{"taxonomy":"category","embeddable":true,"href":"https:\/\/www.chapelle-crecy.com\/index.php?rest_route=%2Fwp%2Fv2%2Fcategories&post=1301"},{"taxonomy":"post_tag","embeddable":true,"href":"https:\/\/www.chapelle-crecy.com\/index.php?rest_route=%2Fwp%2Fv2%2Ftags&post=1301"}],"curies":[{"name":"wp","href":"https:\/\/api.w.org\/{rel}","templated":true}]}}