{"id":132,"date":"2009-05-28T20:23:22","date_gmt":"2009-05-28T20:23:22","guid":{"rendered":""},"modified":"-0001-11-30T00:00:00","modified_gmt":"-0001-11-29T22:00:00","slug":"","status":"publish","type":"post","link":"https:\/\/www.chapelle-crecy.com\/?p=132","title":{"rendered":"VISEMPLOI"},"content":{"rendered":"<table bgcolor =\"F0FAFF\" border=0>\n<tbody>\n<tr>\n<td>\n<div align=\"justify\">\n<div \"43\">En ces temps de crise \u00e9conomique, nous devons nous poser la question : \u00ab Qu&rsquo;as-tu fait de ton fr\u00e8re sans emploi ? \u00bb<br \/>\n<br \/>\nIl y a deux mille ans : \u00ab j&rsquo;avais faim et tu m&rsquo;as donn\u00e9 \u00e0\u00a0 manger \u00bb<br \/>\nAujourd&rsquo;hui, nous pourrions entendre : \u00ab je n&rsquo;avais pas de travail et tu m&rsquo;en as donn\u00e9 un, ou tu m&rsquo;as aid\u00e9 \u00e0\u00a0 en trouver un \u00bb.\n<\/div>\n<\/td>\n<\/tr>\n<\/tbody>\n<\/table>\n<table bgcolor =\"F0FAFF\" border=0>\n<tbody>\n<tr>\n<td>\n<div align=\"justify\">Pour \u00eatre en accord avec la parole de l&rsquo;Evangile, nous voulons adapter les formes de la charit\u00e9 aux besoins des hommes et des femmes de notre temps.<br \/>\n<br \/>\nLe travail c&rsquo;est le pain d&rsquo;hier.<br \/>\nUn travail, c&rsquo;est plus qu&rsquo;un travail. Dans notre monde, c&rsquo;est une forme de reconnaissance de la dignit\u00e9 de la personne, de celui ou celle qui vit \u00e0 nos c\u00f4t\u00e9s, de notre \u00ab prochain \u00bb<\/p>\n<p>L&rsquo;association VISEMPLOI vise \u00e0 redonner \u00e0 toute personne exclue du monde du travail sa dignit\u00e9, par un accompagnement dans sa recherche d&#8217;emploi.<\/p><\/div>\n<div align=\"justify\">Elle s&rsquo;adresse plus particuli\u00e8rement aux personnes en situation d&rsquo;exclusion, en leur offrant la possibilit\u00e9 d&rsquo;\u00eatre accueillies et accompagn\u00e9es dans cette d\u00e9marche de recherche et d&#8217;emploi.<br \/>\n<br \/>\nSa raison d&rsquo;\u00eatre est donc, d&rsquo;offrir \u00e0 toute personne en recherche d&#8217;emploi, un soutien et un accompagnement durable et personnalis\u00e9, lui permettant d&rsquo;acqu\u00e9rir l&rsquo;information, la motivation et l&rsquo;autonomie n\u00e9cessaires pour d\u00e9finir et conduire son projet d&rsquo;acc\u00e8s \u00e0 l&#8217;emploi. <\/p>\n<p>L&rsquo;association VISEMPLOI ne remplace pas l&rsquo;ANPE dont elle est compl\u00e9mentaire ; elle n&rsquo;est ni un bureau de placement, ni une agence d&rsquo;int\u00e9rim.<br \/>\n<br \/>\nApolitique et non confessionnelle mais d&rsquo;inspiration chr\u00e9tienne, soutenue par la fondation Notre-Dame, l&rsquo;association re\u00e7oit et aide b\u00e9n\u00e9volement toute personne sans distinction politique ou religieuse.<\/p>\n<p>Une \u00e9quipe Nord Seine-et-Marne est en cours de constitution.<br \/>\nVous pouvez contacter:<br \/>\n&#8211; R\u00e9gis Dujardin au 06 60 11 06 11 &#8211; rdconsul@club-internet.fr<br \/>\n&#8211; Bernard Erhmann au 06 50 35 38 73  bernarderh@aol.com<\/div>\n<div align=\"justify\">L&rsquo;objectif de cette \u00e9quipe est de r\u00e9unir 10 \u00e0 15 personnes avant l&rsquo;\u00e9t\u00e9 afin de pouvoir \u00eatre op\u00e9rationnel courant septembre, c&rsquo;est-\u00e0-dire, mettre en place un service d&rsquo;accueil avec une permanence sur Meaux, le samedi matin de 10h \u00e0 12h.\n<\/div>\n<\/td>\n<\/tr>\n<\/tbody>\n<\/table>\n","protected":false},"excerpt":{"rendered":"<p>En ces temps de crise \u00e9conomique, nous devons nous poser la question : \u00ab Qu&rsquo;as-tu fait de ton fr\u00e8re sans emploi ? \u00bb Il y a deux mille ans : \u00ab j&rsquo;avais faim et&#46;&#46;&#46;<\/p>\n","protected":false},"author":2,"featured_media":0,"comment_status":"open","ping_status":"open","sticky":false,"template":"","format":"standard","meta":{"footnotes":""},"categories":[],"tags":[],"class_list":["post-132","post","type-post","status-publish","format-standard","hentry"],"_links":{"self":[{"href":"https:\/\/www.chapelle-crecy.com\/index.php?rest_route=\/wp\/v2\/posts\/132","targetHints":{"allow":["GET"]}}],"collection":[{"href":"https:\/\/www.chapelle-crecy.com\/index.php?rest_route=\/wp\/v2\/posts"}],"about":[{"href":"https:\/\/www.chapelle-crecy.com\/index.php?rest_route=\/wp\/v2\/types\/post"}],"author":[{"embeddable":true,"href":"https:\/\/www.chapelle-crecy.com\/index.php?rest_route=\/wp\/v2\/users\/2"}],"replies":[{"embeddable":true,"href":"https:\/\/www.chapelle-crecy.com\/index.php?rest_route=%2Fwp%2Fv2%2Fcomments&post=132"}],"version-history":[{"count":0,"href":"https:\/\/www.chapelle-crecy.com\/index.php?rest_route=\/wp\/v2\/posts\/132\/revisions"}],"wp:attachment":[{"href":"https:\/\/www.chapelle-crecy.com\/index.php?rest_route=%2Fwp%2Fv2%2Fmedia&parent=132"}],"wp:term":[{"taxonomy":"category","embeddable":true,"href":"https:\/\/www.chapelle-crecy.com\/index.php?rest_route=%2Fwp%2Fv2%2Fcategories&post=132"},{"taxonomy":"post_tag","embeddable":true,"href":"https:\/\/www.chapelle-crecy.com\/index.php?rest_route=%2Fwp%2Fv2%2Ftags&post=132"}],"curies":[{"name":"wp","href":"https:\/\/api.w.org\/{rel}","templated":true}]}}