{"id":1374,"date":"2021-12-03T20:13:10","date_gmt":"2021-12-03T20:13:10","guid":{"rendered":""},"modified":"-0001-11-30T00:00:00","modified_gmt":"-0001-11-29T22:00:00","slug":"","status":"publish","type":"post","link":"https:\/\/www.chapelle-crecy.com\/?p=1374","title":{"rendered":"Annonces du 4 au 12 d\u00e9cembre 2021"},"content":{"rendered":"<div align=\"justify\">Voici les annonces de la p\u00e9riode du samedi 4 au dimanche 12 d\u00e9cembre 2021 pour la paroisse des 3 clochers Cr\u00e9cy-la-Chapelle, Villiers-sur-Morin, Voulangis. <\/p>\n<p>Samedi 4 d\u00e9cembre \u00e0\u00a0 18 h 30, Messe \u00e0\u00a0 Voulangis.<br \/>\nDimanche 5 d\u00e9cembre \u00e0\u00a0 10 h, Messe \u00e0\u00a0 Cr\u00e9cy.<br \/>\nSamedi 11 d\u00e9cembre \u00e0\u00a0 18 h 30, Messe \u00e0\u00a0 Voulangis.<br \/>\nDimanche 12 d\u00e9cembre \u00e0\u00a0 10 h, Messe \u00e0\u00a0 Cr\u00e9cy.<br \/>\nTous les d\u00e9tails, avec notamment la feuille paroissiale en pi\u00e8ce jointe, dans la suite &#8230;\n<\/div>\n<div align=\"center\">\n<table bgcolor =\"F0F6FF\" border=0>\n<tbody>\n<tr>\n<td width=400><font color=\"00A0B0\"><\/p>\n<div align=\"center\">\n<b>Samedi 4 d\u00e9cembre<\/b><br \/>\n17 h &#8211; R\u00e9union du Groupe de Pri\u00e8re \u00e0 Voulangis.<br \/>\n18 h 30 &#8211; Messe \u00e0 Voulangis pour Henri MOREL.<\/p>\n<p><b>Dimanche 5 d\u00e9cembre<\/b><br \/>\n<i>2\u00e8me dimanche de l&rsquo;AVENT<\/i><br \/>\n10  h &#8211; Messe \u00e0 Cr\u00e9cy pour Jean et Simone BLAVIER.<\/p>\n<p><b>Lundi 6 d\u00e9cembre<\/b><br \/>\n<i>Saint Nicolas<\/i><br \/>\n17 h &#8211; R\u00e9p\u00e9tition de chants \u00e0 Cr\u00e9cy.<\/p>\n<p><b>Mercredi 8 d\u00e9cembre<\/b><br \/>\n<i>F\u00eate de l&rsquo;Immacul\u00e9e Conception<\/i><br \/>\n9 h &#8211; Messe \u00e0 Cr\u00e9cy pour Henriette CHAZAL.<\/p>\n<p><b>Jeudi 9 d\u00e9cembre<\/b><br \/>\n9 h &#8211; Messe \u00e0 Cr\u00e9cy pour Henriette CHAZAL.<\/p>\n<p><b>Samedi 11 d\u00e9cembre<\/b><br \/>\n18 h 30 &#8211; Messe \u00e0 Voulangis pour Raymonde et Jean LEROUX.<\/p>\n<p><b>Dimanche 12 d\u00e9cembre<\/b><br \/>\n<i>3e dimanche de l&rsquo;AVENT<\/i><br \/>\n10  h &#8211; Messe \u00e0 Cr\u00e9cy pour Andr\u00e9 PANHARD.<\/p>\n<p>Vente  de bougies et d\u00e9corations de No\u00ebl pour le Secours Catholique \u00e0 la fin des messes de samedi et dimanche.<br \/>\n16 h  &#8211; \u00e0 Voulangis : Concert du PETIT CHOEUR DU GRAND MORIN.\n<\/div>\n<p><\/font><\/td>\n<td><font color=\"A0A000\"><\/p>\n<div align=\"center\">\n<img decoding=\"async\" src=\"\/IMG\/personnes\/nicolas.jpg\" width=300><br \/>Saint Nicolas\n<\/div>\n<p><\/font><\/td>\n<\/tr>\n<\/tbody>\n<\/table>\n<\/div>\n","protected":false},"excerpt":{"rendered":"<p>Voici les annonces de la p\u00e9riode du samedi 4 au dimanche 12 d\u00e9cembre 2021 pour la paroisse des 3 clochers Cr\u00e9cy-la-Chapelle, Villiers-sur-Morin, Voulangis. Samedi 4 d\u00e9cembre \u00e0\u00a0 18 h 30, Messe \u00e0\u00a0 Voulangis. Dimanche&#46;&#46;&#46;<\/p>\n","protected":false},"author":2,"featured_media":0,"comment_status":"open","ping_status":"open","sticky":false,"template":"","format":"standard","meta":{"footnotes":""},"categories":[],"tags":[],"class_list":["post-1374","post","type-post","status-publish","format-standard","hentry"],"_links":{"self":[{"href":"https:\/\/www.chapelle-crecy.com\/index.php?rest_route=\/wp\/v2\/posts\/1374","targetHints":{"allow":["GET"]}}],"collection":[{"href":"https:\/\/www.chapelle-crecy.com\/index.php?rest_route=\/wp\/v2\/posts"}],"about":[{"href":"https:\/\/www.chapelle-crecy.com\/index.php?rest_route=\/wp\/v2\/types\/post"}],"author":[{"embeddable":true,"href":"https:\/\/www.chapelle-crecy.com\/index.php?rest_route=\/wp\/v2\/users\/2"}],"replies":[{"embeddable":true,"href":"https:\/\/www.chapelle-crecy.com\/index.php?rest_route=%2Fwp%2Fv2%2Fcomments&post=1374"}],"version-history":[{"count":0,"href":"https:\/\/www.chapelle-crecy.com\/index.php?rest_route=\/wp\/v2\/posts\/1374\/revisions"}],"wp:attachment":[{"href":"https:\/\/www.chapelle-crecy.com\/index.php?rest_route=%2Fwp%2Fv2%2Fmedia&parent=1374"}],"wp:term":[{"taxonomy":"category","embeddable":true,"href":"https:\/\/www.chapelle-crecy.com\/index.php?rest_route=%2Fwp%2Fv2%2Fcategories&post=1374"},{"taxonomy":"post_tag","embeddable":true,"href":"https:\/\/www.chapelle-crecy.com\/index.php?rest_route=%2Fwp%2Fv2%2Ftags&post=1374"}],"curies":[{"name":"wp","href":"https:\/\/api.w.org\/{rel}","templated":true}]}}