{"id":1407,"date":"2022-06-12T14:56:45","date_gmt":"2022-06-12T14:56:45","guid":{"rendered":""},"modified":"-0001-11-30T00:00:00","modified_gmt":"-0001-11-29T22:00:00","slug":"","status":"publish","type":"post","link":"https:\/\/www.chapelle-crecy.com\/?p=1407","title":{"rendered":"Annonces du 12 au 19 juin 2022"},"content":{"rendered":"<div align=\"justify\">Voici les annonces de la p\u00e9riode du lundi 13 au dimanche 19 juin 2022 pour la paroisse des 3 clochers Cr\u00e9cy-la-Chapelle, Villiers-sur-Morin, Voulangis. <\/p>\n<p>Samedi 18 juin \u00e0\u00a0 18 h 30, Messe \u00e0\u00a0 Voulangis<br \/>\nDimanche 19 juin \u00e0\u00a0 10 h, Messe \u00e0\u00a0 la Coll\u00e9giale.<br \/>\nTous les d\u00e9tails dans la suite &#8230;\n<\/div>\n<div align=\"center\">\n<table bgcolor =\"FFF6F6\" border=0>\n<tbody>\n<tr>\n<td><font color=\"00B0F0\"><\/p>\n<div align=\"center\"><img decoding=\"async\" src=\"\/IMG\/personnes\/antoine.jpg\" width=150><br \/>St Antoine de Padoue<\/div>\n<p><\/font><\/td>\n<td width=500><font color=\"00B0F0\"><\/p>\n<div align=\"left\">\n<b>Lundi 13 juin<\/b><br \/>\n<i>St Antoine de Padoue<\/i><br \/>\n14 h 30 &#8211; R\u00e9union de l&rsquo;Equipe du Rosaire.<br \/>\n17 h 15 &#8211; R\u00e9p\u00e9tition de chorale \u00e0 Cr\u00e9cy.<\/p>\n<p><b>Mardi 14 juin<\/b><br \/>\nA partir de 18 h 45 : Accueil des Reliques de Sainte Th\u00e9r\u00e8se \u00e0 la Coll\u00e9giale .<\/p>\n<p><b>Jeudi 16 juin<\/b><br \/>\n9 h &#8211; Messe anniversaire \u00e0  Cr\u00e9cy pour les 100 ans de Maria de  ABREU. Nous prierons aussi pour Jeanne  BARNIER.<\/td>\n<\/tr>\n<\/tbody>\n<\/table>\n<table bgcolor =\"F0F6F6\" border=0>\n<tbody>\n<tr>\n<td width=500><font color=\"F0B000\"><\/p>\n<div align=\"left\">\n<b>Vendredi 17 juin<\/b><br \/>\nDe 10 h \u00e0 11 h 30 &#8211; Pr\u00e9sence du P\u00e8re Michel HENRIE au presbyt\u00e8re.<\/p>\n<p><b>Samedi 18 juin<\/b><br \/>\n10 h &#8211;  Obs\u00e8ques de Lucie GORRET \u00e0 Cr\u00e9cy.<br \/>\n16 h &#8211; \u00e0 Voulangis, mariage de Vincent COQUEL et Cl\u00e9mentine PENEGRY.<br \/>\n18 h 30 &#8211;  Messe \u00e0 Voulangis pour  Val\u00e9rie ANDRIEUX  et Pierre BOYER r\u00e9cemment d\u00e9c\u00e9d\u00e9s.<\/p>\n<p><b>Dimanche 19 juin<\/b><br \/>\n<i>Saint Jude<\/i><br \/>\n10 h &#8211; Messe \u00e0 la Coll\u00e9giale pour Simone et Jean BLAVIER.<br \/>\nSamedi 18 et Dimanche 19 juin : Qu\u00eate sp\u00e9ciale pour le DENIER DE SAINT PIERRE.\n<\/div>\n<p><\/font><\/td>\n<td><font color=\"F0B000\"><\/p>\n<div align=\"center\"><img decoding=\"async\" src=\"\/IMG\/personnes\/jude.jpg\" width=150><br \/>Sainte Jude<\/div>\n<p><\/font><\/td>\n<\/tr>\n<\/tbody>\n<\/table>\n<\/div>\n","protected":false},"excerpt":{"rendered":"<p>Voici les annonces de la p\u00e9riode du lundi 13 au dimanche 19 juin 2022 pour la paroisse des 3 clochers Cr\u00e9cy-la-Chapelle, Villiers-sur-Morin, Voulangis. Samedi 18 juin \u00e0\u00a0 18 h 30, Messe \u00e0\u00a0 Voulangis Dimanche&#46;&#46;&#46;<\/p>\n","protected":false},"author":2,"featured_media":0,"comment_status":"open","ping_status":"open","sticky":false,"template":"","format":"standard","meta":{"footnotes":""},"categories":[],"tags":[],"class_list":["post-1407","post","type-post","status-publish","format-standard","hentry"],"_links":{"self":[{"href":"https:\/\/www.chapelle-crecy.com\/index.php?rest_route=\/wp\/v2\/posts\/1407","targetHints":{"allow":["GET"]}}],"collection":[{"href":"https:\/\/www.chapelle-crecy.com\/index.php?rest_route=\/wp\/v2\/posts"}],"about":[{"href":"https:\/\/www.chapelle-crecy.com\/index.php?rest_route=\/wp\/v2\/types\/post"}],"author":[{"embeddable":true,"href":"https:\/\/www.chapelle-crecy.com\/index.php?rest_route=\/wp\/v2\/users\/2"}],"replies":[{"embeddable":true,"href":"https:\/\/www.chapelle-crecy.com\/index.php?rest_route=%2Fwp%2Fv2%2Fcomments&post=1407"}],"version-history":[{"count":0,"href":"https:\/\/www.chapelle-crecy.com\/index.php?rest_route=\/wp\/v2\/posts\/1407\/revisions"}],"wp:attachment":[{"href":"https:\/\/www.chapelle-crecy.com\/index.php?rest_route=%2Fwp%2Fv2%2Fmedia&parent=1407"}],"wp:term":[{"taxonomy":"category","embeddable":true,"href":"https:\/\/www.chapelle-crecy.com\/index.php?rest_route=%2Fwp%2Fv2%2Fcategories&post=1407"},{"taxonomy":"post_tag","embeddable":true,"href":"https:\/\/www.chapelle-crecy.com\/index.php?rest_route=%2Fwp%2Fv2%2Ftags&post=1407"}],"curies":[{"name":"wp","href":"https:\/\/api.w.org\/{rel}","templated":true}]}}