{"id":1414,"date":"2022-08-02T10:23:43","date_gmt":"2022-08-02T10:23:43","guid":{"rendered":""},"modified":"-0001-11-30T00:00:00","modified_gmt":"-0001-11-29T22:00:00","slug":"","status":"publish","type":"post","link":"https:\/\/www.chapelle-crecy.com\/?p=1414","title":{"rendered":"Annonces du 1er au 28 aout 2022"},"content":{"rendered":"<div align=\"justify\">Voici les annonces de la p\u00e9riode du lundi 1er aout au dimanche 21 aout 2022 pour la paroisse des 3 clochers Cr\u00e9cy-la-Chapelle, Villiers-sur-Morin, Voulangis. <\/p>\n<p>Dimanche 7 aout \u00e0\u00a0 10 h 30, Messe \u00e0\u00a0 Cr\u00e9cy<br \/>\nDimanche 14 aout \u00e0\u00a0 10 h 30, Messe \u00e0\u00a0 Cr\u00e9cy<br \/>\nLundi 15 aout \u00e0\u00a0 10 h 30, Messe de l&rsquo;Assomption \u00e0\u00a0 la Coll\u00e9giale<br \/>\nDimanche 21 aout \u00e0\u00a0 10 h 30, Messe \u00e0\u00a0 Cr\u00e9cy<br \/>\nDimanche 28 aout \u00e0\u00a0 10 h 30, Messe \u00e0\u00a0 Cr\u00e9cy<br \/>Pas de messe le samedi durant le mois d&rsquo;ao\u00fbt.<br \/>\nTous les d\u00e9tails dans la suite &#8230;\n<\/div>\n<div align=\"center\">\n<table bgcolor =\"FFF6F6\" border=0>\n<tbody>\n<tr>\n<td width=500><font color=\"00B0F0\"><\/p>\n<div align=\"left\">\n<b>Jeudi 4 aout<\/b><br \/>\n9 h &#8211; Messe \u00e0 Cr\u00e9cy.<\/p>\n<p><b>Dimanche 7 aout<\/b><br \/>\n10 h 30 &#8211;  Messe \u00e0 Cr\u00e9cy  pour  Maurice MEUNIER.<br \/>\nNous prierons \u00e9galement pour  Pierre LAUENBERGER et Roger SAVIOZ r\u00e9cemment  d\u00e9c\u00e9d\u00e9s.<\/p>\n<p><b>Mercredi 10 ao\u00fbt<\/b><br \/>\n10 h &#8211; \u00e0 Cr\u00e9cy , Obs\u00e8ques de Reine LIENARD.<\/p>\n<p><b>Jeudi 11 ao\u00fbt<\/b><br \/>\n9 h &#8211; Messe \u00e0 Cr\u00e9cy.<\/p>\n<p><b>Dimanche 14 ao\u00fbt<\/b><br \/>\n10 h 30 &#8211;  Messe \u00e0 Cr\u00e9cy pour  Reine LIENARD inhum\u00e9e cette semaine.\n<\/div>\n<p><\/font><\/td>\n<\/tr>\n<\/tbody>\n<\/table>\n<table bgcolor =\"FFF6F6\" border=0>\n<tbody>\n<tr>\n<td width=500><font color=\"00B0F0\"><\/p>\n<div align=\"left\">\n<b>Lundi 15 ao\u00fbt<\/b><br \/>\nMesse de l&rsquo;ASSOMPTION \u00e0 10 h 30 \u00e0 la Coll\u00e9giale.<br \/>\nNous prierons pour Jacques BACOUP.<\/p>\n<p><b>Jeudi 18 aout<\/b><br \/>\n9 h &#8211; Messe \u00e0 Cr\u00e9cy.<\/p>\n<p><b>Dimanche 21 ao\u00fbt<\/b><br \/>\n10 h 30 &#8211; Messe \u00e0 Cr\u00e9cy pour Simone MARCHAISON.<\/p>\n<p><b>Jeudi 25 aout<\/b><br \/>\n9 h &#8211; Messe \u00e0 Cr\u00e9cy.<\/p>\n<p><b>Dimanche 28 ao\u00fbt<\/b><br \/>\n10 h 30 &#8211; Messe \u00e0 Cr\u00e9cy pour R\u00e9gine MEUNIER.<\/p>\n<p>Pas de messe le samedi durant le mois d&rsquo;ao\u00fbt.\n<\/p><\/div>\n<p><\/font><\/td>\n<td><font color=\"00B0F0\"><\/p>\n<div align=\"center\"><img decoding=\"async\" src=\"\/IMG\/lieux\/lourdes11.jpg\" width=150><\/div>\n<p><\/font><\/td>\n<\/tr>\n<\/tbody>\n<\/table>\n<\/div>\n","protected":false},"excerpt":{"rendered":"<p>Voici les annonces de la p\u00e9riode du lundi 1er aout au dimanche 21 aout 2022 pour la paroisse des 3 clochers Cr\u00e9cy-la-Chapelle, Villiers-sur-Morin, Voulangis. Dimanche 7 aout \u00e0\u00a0 10 h 30, Messe \u00e0\u00a0 Cr\u00e9cy&#46;&#46;&#46;<\/p>\n","protected":false},"author":2,"featured_media":0,"comment_status":"open","ping_status":"open","sticky":false,"template":"","format":"standard","meta":{"footnotes":""},"categories":[],"tags":[],"class_list":["post-1414","post","type-post","status-publish","format-standard","hentry"],"_links":{"self":[{"href":"https:\/\/www.chapelle-crecy.com\/index.php?rest_route=\/wp\/v2\/posts\/1414","targetHints":{"allow":["GET"]}}],"collection":[{"href":"https:\/\/www.chapelle-crecy.com\/index.php?rest_route=\/wp\/v2\/posts"}],"about":[{"href":"https:\/\/www.chapelle-crecy.com\/index.php?rest_route=\/wp\/v2\/types\/post"}],"author":[{"embeddable":true,"href":"https:\/\/www.chapelle-crecy.com\/index.php?rest_route=\/wp\/v2\/users\/2"}],"replies":[{"embeddable":true,"href":"https:\/\/www.chapelle-crecy.com\/index.php?rest_route=%2Fwp%2Fv2%2Fcomments&post=1414"}],"version-history":[{"count":0,"href":"https:\/\/www.chapelle-crecy.com\/index.php?rest_route=\/wp\/v2\/posts\/1414\/revisions"}],"wp:attachment":[{"href":"https:\/\/www.chapelle-crecy.com\/index.php?rest_route=%2Fwp%2Fv2%2Fmedia&parent=1414"}],"wp:term":[{"taxonomy":"category","embeddable":true,"href":"https:\/\/www.chapelle-crecy.com\/index.php?rest_route=%2Fwp%2Fv2%2Fcategories&post=1414"},{"taxonomy":"post_tag","embeddable":true,"href":"https:\/\/www.chapelle-crecy.com\/index.php?rest_route=%2Fwp%2Fv2%2Ftags&post=1414"}],"curies":[{"name":"wp","href":"https:\/\/api.w.org\/{rel}","templated":true}]}}