{"id":1416,"date":"2022-09-02T16:26:08","date_gmt":"2022-09-02T16:26:08","guid":{"rendered":""},"modified":"-0001-11-30T00:00:00","modified_gmt":"-0001-11-29T22:00:00","slug":"","status":"publish","type":"post","link":"https:\/\/www.chapelle-crecy.com\/?p=1416","title":{"rendered":"Annonces du 5 au 11 septembre 2022"},"content":{"rendered":"<div align=\"justify\">Voici les annonces de la p\u00e9riode du lundi 5 au dimanche 11 septembre 2022 pour la paroisse des 3 clochers Cr\u00e9cy-la-Chapelle, Villiers-sur-Morin, Voulangis. <\/p>\n<p>Dimanche 10 septembre, messe \u00e0\u00a0 Voulangis \u00e0\u00a0 18h30<br \/>\nDimanche 11 septembre, messe \u00e0\u00a0 la coll\u00e9giale \u00e0\u00a0 10h30<br \/>\nTous les d\u00e9tails dans la suite &#8230;\n<\/div>\n<div align=\"center\">\n<table bgcolor =\"FFF6F6\" border=0>\n<tbody>\n<tr>\n<td width=500><font color=\"00B0F0\"><\/p>\n<div align=\"left\">\n<b>Lundi 5 septembre<\/b><br \/>\n14 h &#8211; R\u00e9union de l&rsquo;\u00e9quipe du Rosaire<\/p>\n<p><b>Jeudi 8 septembre<\/b><br \/>\n20h30 &#8211; R\u00e9union du Groupe de pri\u00e8re \u00e0 Cr\u00e9cy.<\/p>\n<p><b>Samedi 10 septembre<\/b><br \/>\n18 h 30 &#8211; Messe \u00e0 Voulangis pour Andr\u00e9 PANHARD.<br \/>\nBapt\u00eame de Tessa BERNY.<\/p>\n<p><b>Dimanche 11 septembre<\/b><br \/>\n10 h 30 &#8211;  Messe \u00e0 la coll\u00e9giale pour Lucien GORRET et Jacques BACOUP.<br \/>\nBapt\u00eame d&rsquo;Elsa TOUTAIN LAURENTS.<\/p>\n<p>Qu\u00eate pour la Pastorale de l&rsquo;enfance et de la jeunesse dans le dioc\u00e8se.\n<\/p><\/div>\n<p><\/font><\/td>\n<td><font color=\"00B0F0\"><\/p>\n<div align=\"center\"><img decoding=\"async\" src=\"\/IMG\/personnes\/regine.jpg\" width=150><br \/><i>Sainte R\u00e9gine <br \/>(Le 7 septembre)<\/i><\/div>\n<p><\/font><\/td>\n<\/tr>\n<\/tbody>\n<\/table>\n<\/div>\n","protected":false},"excerpt":{"rendered":"<p>Voici les annonces de la p\u00e9riode du lundi 5 au dimanche 11 septembre 2022 pour la paroisse des 3 clochers Cr\u00e9cy-la-Chapelle, Villiers-sur-Morin, Voulangis. Dimanche 10 septembre, messe \u00e0\u00a0 Voulangis \u00e0\u00a0 18h30 Dimanche 11 septembre,&#46;&#46;&#46;<\/p>\n","protected":false},"author":2,"featured_media":0,"comment_status":"open","ping_status":"open","sticky":false,"template":"","format":"standard","meta":{"footnotes":""},"categories":[],"tags":[],"class_list":["post-1416","post","type-post","status-publish","format-standard","hentry"],"_links":{"self":[{"href":"https:\/\/www.chapelle-crecy.com\/index.php?rest_route=\/wp\/v2\/posts\/1416","targetHints":{"allow":["GET"]}}],"collection":[{"href":"https:\/\/www.chapelle-crecy.com\/index.php?rest_route=\/wp\/v2\/posts"}],"about":[{"href":"https:\/\/www.chapelle-crecy.com\/index.php?rest_route=\/wp\/v2\/types\/post"}],"author":[{"embeddable":true,"href":"https:\/\/www.chapelle-crecy.com\/index.php?rest_route=\/wp\/v2\/users\/2"}],"replies":[{"embeddable":true,"href":"https:\/\/www.chapelle-crecy.com\/index.php?rest_route=%2Fwp%2Fv2%2Fcomments&post=1416"}],"version-history":[{"count":0,"href":"https:\/\/www.chapelle-crecy.com\/index.php?rest_route=\/wp\/v2\/posts\/1416\/revisions"}],"wp:attachment":[{"href":"https:\/\/www.chapelle-crecy.com\/index.php?rest_route=%2Fwp%2Fv2%2Fmedia&parent=1416"}],"wp:term":[{"taxonomy":"category","embeddable":true,"href":"https:\/\/www.chapelle-crecy.com\/index.php?rest_route=%2Fwp%2Fv2%2Fcategories&post=1416"},{"taxonomy":"post_tag","embeddable":true,"href":"https:\/\/www.chapelle-crecy.com\/index.php?rest_route=%2Fwp%2Fv2%2Ftags&post=1416"}],"curies":[{"name":"wp","href":"https:\/\/api.w.org\/{rel}","templated":true}]}}