{"id":1417,"date":"2022-09-11T18:17:00","date_gmt":"2022-09-11T18:17:00","guid":{"rendered":""},"modified":"-0001-11-30T00:00:00","modified_gmt":"-0001-11-29T22:00:00","slug":"","status":"publish","type":"post","link":"https:\/\/www.chapelle-crecy.com\/?p=1417","title":{"rendered":"Annonces du 12 au 18 septembre 2022"},"content":{"rendered":"<div align=\"justify\">Voici les annonces de la p\u00e9riode du lundi 12 au dimanche 18 septembre 2022 pour la paroisse des 3 clochers Cr\u00e9cy-la-Chapelle, Villiers-sur-Morin, Voulangis. <\/p>\n<p>Samedi 17 septembre, messe \u00e0\u00a0 Voulangis \u00e0\u00a0 18h30<br \/>\nDimanche 18 septembre, messe \u00e0\u00a0 la coll\u00e9giale \u00e0\u00a0 10h30<br \/>\nTous les d\u00e9tails dans la suite &#8230;\n<\/div>\n<div align=\"center\">\n<table bgcolor =\"FFF6F6\" border=0>\n<tbody>\n<tr>\n<td width=500><font color=\"00B0F0\"><\/p>\n<div align=\"left\">\n<b>Lundi 12 septembre<\/b><br \/>\n14 h &#8211; R\u00e9union de l&rsquo;\u00e9quipe du Rosaire<\/p>\n<p><b>Mardi 13 septembre<\/b><br \/>\n<i>St Jean Chrysostome<\/i><br \/>\n9 h &#8211; Messe \u00e0 Cr\u00e9cy.<\/p>\n<p><b>Jeudi 15 septembre<\/b><br \/>\n9 h &#8211; Messe \u00e0 Cr\u00e9cy.<\/p>\n<p><b>Vendredi 16 septembre<\/b><br \/>\n10 h 30  Obs\u00e8ques \u00e0 Cr\u00e9cy de Georges BUET.\n<\/div>\n<p><\/font><\/td>\n<td><font color=\"00B0F0\"><\/p>\n<div align=\"center\"><img decoding=\"async\" src=\"\/IMG\/personnes\/jean_chrysostome.jpg\" width=150><br \/><i>St Jean Chrysostome<\/i><\/div>\n<p><\/font><\/td>\n<\/tr>\n<\/tbody>\n<\/table>\n<\/div>\n<table bgcolor =\"FFF6F6\" border=0>\n<tbody>\n<tr>\n<td ><font color=\"00B0F0\"><\/p>\n<div align=\"left\">\n<b>Samedi 17 septembre<\/b><br \/>\nMariages \u00e0 la coll\u00e9giale : <br \/>\n14 h 30 : Sybile ENCELLAZ et Cl\u00e9ment FABRE.<br \/>\n16 h : Adrien MARCHAL et Elodie BAZILLE.<br \/>\n18 h 30 &#8211; Messe \u00e0 Voulangis.<\/p>\n<p><b>Dimanche 18 septembre<\/b><br \/>\n10 h 30 &#8211;  Messe \u00e0  la COLLEGIALE.<br \/>\n15 h 30  Messe \u00e0 l&rsquo;\u00e9glise Saint-Georges anim\u00e9e par une troupe de scouts parisiens.<br \/>\nDans  le cadre des Journ\u00e9es du Patrimoine, ouverture de l&rsquo;\u00e9glise de Voulangis de 14 h \u00e0 17 h.\n<\/div>\n<p><\/font><\/td>\n<\/tr>\n<\/tbody>\n<\/table>\n","protected":false},"excerpt":{"rendered":"<p>Voici les annonces de la p\u00e9riode du lundi 12 au dimanche 18 septembre 2022 pour la paroisse des 3 clochers Cr\u00e9cy-la-Chapelle, Villiers-sur-Morin, Voulangis. Samedi 17 septembre, messe \u00e0\u00a0 Voulangis \u00e0\u00a0 18h30 Dimanche 18 septembre,&#46;&#46;&#46;<\/p>\n","protected":false},"author":2,"featured_media":0,"comment_status":"open","ping_status":"open","sticky":false,"template":"","format":"standard","meta":{"footnotes":""},"categories":[],"tags":[],"class_list":["post-1417","post","type-post","status-publish","format-standard","hentry"],"_links":{"self":[{"href":"https:\/\/www.chapelle-crecy.com\/index.php?rest_route=\/wp\/v2\/posts\/1417","targetHints":{"allow":["GET"]}}],"collection":[{"href":"https:\/\/www.chapelle-crecy.com\/index.php?rest_route=\/wp\/v2\/posts"}],"about":[{"href":"https:\/\/www.chapelle-crecy.com\/index.php?rest_route=\/wp\/v2\/types\/post"}],"author":[{"embeddable":true,"href":"https:\/\/www.chapelle-crecy.com\/index.php?rest_route=\/wp\/v2\/users\/2"}],"replies":[{"embeddable":true,"href":"https:\/\/www.chapelle-crecy.com\/index.php?rest_route=%2Fwp%2Fv2%2Fcomments&post=1417"}],"version-history":[{"count":0,"href":"https:\/\/www.chapelle-crecy.com\/index.php?rest_route=\/wp\/v2\/posts\/1417\/revisions"}],"wp:attachment":[{"href":"https:\/\/www.chapelle-crecy.com\/index.php?rest_route=%2Fwp%2Fv2%2Fmedia&parent=1417"}],"wp:term":[{"taxonomy":"category","embeddable":true,"href":"https:\/\/www.chapelle-crecy.com\/index.php?rest_route=%2Fwp%2Fv2%2Fcategories&post=1417"},{"taxonomy":"post_tag","embeddable":true,"href":"https:\/\/www.chapelle-crecy.com\/index.php?rest_route=%2Fwp%2Fv2%2Ftags&post=1417"}],"curies":[{"name":"wp","href":"https:\/\/api.w.org\/{rel}","templated":true}]}}