{"id":143,"date":"2009-07-04T14:07:37","date_gmt":"2009-07-04T14:07:37","guid":{"rendered":""},"modified":"-0001-11-30T00:00:00","modified_gmt":"-0001-11-29T22:00:00","slug":"","status":"publish","type":"post","link":"https:\/\/www.chapelle-crecy.com\/?p=143","title":{"rendered":"Annonces de la semaine du 6 au 12 juillet 2009"},"content":{"rendered":"<table bgcolor =\"F0FAFF\" border=0>\n<tbody>\n<tr>\n<td>\n<div align=\"justify\">\n<div \"55\">Voici les annonces de la semaine du lundi 6 au 12 juillet 2009  pour la paroisse des 3 clochers Cr\u00e9cy-la-Chapelle, Villiers-sur-Morin, Voulangis.<\/div>\n<\/div>\n<\/td>\n<\/tr>\n<\/tbody>\n<\/table>\n<table bgcolor =\"F0FAFF\" border=1>\n<tbody>\n<tr>\n<td>\n<table bgcolor =\"F0FAFF\" border=1>\n<tbody>\n<tr>\n<td><font color=\"0020FF\">Samedi 11 juillet<\/font><\/td>\n<td><font color=\"0020FF\">16 h 00 &#8211; A la coll\u00e9giale, mariage de Thomas CAMINADE et d&rsquo;Estelle RICHARD.<\/font><\/td>\n<\/tr>\n<tr>\n<td><font color=\"0020FF\">Dimanche 12 juillet<\/font><\/td>\n<td><font color=\"0020FF\">9h 00   Messe \u00e0 Cr\u00e9cy  pour la famille RUSSAC-BLAUWBOMME.<br \/>\n11h45 &#8211;  Bapt\u00eame d&rsquo;Ana\u00e9 BALDINETTI.<\/font><\/td>\n<\/tr>\n<\/tbody>\n<\/table>\n<\/td>\n<tr>\n<td>\n<div align=\"center\">Il n&rsquo;y aura pas de messe en semaine.<br \/>\nDurant le mois de Juillet, seule la messe dominicale sera c\u00e9l\u00e9br\u00e9e dans la<br \/>\nparoisse. Elle aura lieu \u00e0 Cr\u00e9cy \u00e0 9h \u00e0 l&rsquo;\u00e9glise Saint-Georges.<\/div>\n<\/td>\n<\/tr>\n<\/tbody>\n<\/table>\n<\/td>\n<\/tr>\n<\/tbody>\n<\/table>\n","protected":false},"excerpt":{"rendered":"<p>Voici les annonces de la semaine du lundi 6 au 12 juillet 2009 pour la paroisse des 3 clochers Cr\u00e9cy-la-Chapelle, Villiers-sur-Morin, Voulangis. Samedi 11 juillet 16 h 00 &#8211; A la coll\u00e9giale, mariage de&#46;&#46;&#46;<\/p>\n","protected":false},"author":2,"featured_media":0,"comment_status":"open","ping_status":"open","sticky":false,"template":"","format":"standard","meta":{"footnotes":""},"categories":[],"tags":[],"class_list":["post-143","post","type-post","status-publish","format-standard","hentry"],"_links":{"self":[{"href":"https:\/\/www.chapelle-crecy.com\/index.php?rest_route=\/wp\/v2\/posts\/143","targetHints":{"allow":["GET"]}}],"collection":[{"href":"https:\/\/www.chapelle-crecy.com\/index.php?rest_route=\/wp\/v2\/posts"}],"about":[{"href":"https:\/\/www.chapelle-crecy.com\/index.php?rest_route=\/wp\/v2\/types\/post"}],"author":[{"embeddable":true,"href":"https:\/\/www.chapelle-crecy.com\/index.php?rest_route=\/wp\/v2\/users\/2"}],"replies":[{"embeddable":true,"href":"https:\/\/www.chapelle-crecy.com\/index.php?rest_route=%2Fwp%2Fv2%2Fcomments&post=143"}],"version-history":[{"count":0,"href":"https:\/\/www.chapelle-crecy.com\/index.php?rest_route=\/wp\/v2\/posts\/143\/revisions"}],"wp:attachment":[{"href":"https:\/\/www.chapelle-crecy.com\/index.php?rest_route=%2Fwp%2Fv2%2Fmedia&parent=143"}],"wp:term":[{"taxonomy":"category","embeddable":true,"href":"https:\/\/www.chapelle-crecy.com\/index.php?rest_route=%2Fwp%2Fv2%2Fcategories&post=143"},{"taxonomy":"post_tag","embeddable":true,"href":"https:\/\/www.chapelle-crecy.com\/index.php?rest_route=%2Fwp%2Fv2%2Ftags&post=143"}],"curies":[{"name":"wp","href":"https:\/\/api.w.org\/{rel}","templated":true}]}}