{"id":1470,"date":"2023-08-06T17:02:41","date_gmt":"2023-08-06T17:02:41","guid":{"rendered":""},"modified":"-0001-11-30T00:00:00","modified_gmt":"-0001-11-29T22:00:00","slug":"","status":"publish","type":"post","link":"https:\/\/www.chapelle-crecy.com\/?p=1470","title":{"rendered":"Annonces du 7 au 13 aout 2023"},"content":{"rendered":"<div align=\"justify\">Voici les annonces de la p\u00e9riode du lundi 7 au dimanche 13 aout 2023 pour la paroisse des 3 clochers Cr\u00e9cy-la-Chapelle, Villiers-sur-Morin, Voulangis. <\/p>\n<p>Dimanche 13 aout, 10h30 &#8211; Messe \u00e0\u00a0  Cr\u00e9cy.<br \/>\nTous les d\u00e9tails dans la suite &#8230;\n<\/div>\n<div align=\"center\">\n<table bgcolor =\"FFF6F6\" border=0>\n<tbody>\n<tr>\n<td width=300><font color=\"00B0F0\"><\/p>\n<div align=\"center\"><img decoding=\"async\" src=\"\/IMG\/personnes\/claire.jpg\" width=160><br \/><i>Sainte Claire<\/i>\n<\/div>\n<p><\/font><\/td>\n<td width=500><font color=\"00B0F0\"><\/p>\n<div align=\"left\">\n<b>Mardi 8 aout<\/b><br \/>\n9 h &#8211; Messe \u00e0 Cr\u00e9cy pour Francis LEVASSEUR et les d\u00e9funts de la famille MAGBONE.<\/p>\n<p><b>Jeudi 10 aout<\/b><br \/>\n9 h  Messe \u00e0 Cr\u00e9cy.<br \/>\n11 h &#8211; A Cr\u00e9cy, obs\u00e8ques de Maryline KALAS.<\/p>\n<p><b>Vendredi 11 aout<\/b><br \/>\n<i>Sainte Claire<\/i><br \/>\n18 h  Messe \u00e0 Cr\u00e9cy suivie de l&rsquo;adoration du Saint-Sacrement.<\/p>\n<p><b>Dimanche 13 aout<\/b><br \/>\n10 h 30  Messe \u00e0 Cr\u00e9cy.<\/p>\n<\/div>\n<\/td>\n<\/tr>\n<\/tbody>\n<\/table>\n<table bgcolor =\"FFF6F6\" border=0>\n<tbody>\n<tr>\n<td ><font color=\"00B0F0\"><br \/>\nLes messes de juillet et ao\u00fbt seront c\u00e9l\u00e9br\u00e9es le dimanche \u00e0 l&rsquo;\u00e9glise Saint-Georges (sauf le 15 aout \u00e0 la Coll\u00e9giale).<\/td>\n<\/tr>\n<\/tbody>\n<\/table>\n<\/div>\n","protected":false},"excerpt":{"rendered":"<p>Voici les annonces de la p\u00e9riode du lundi 7 au dimanche 13 aout 2023 pour la paroisse des 3 clochers Cr\u00e9cy-la-Chapelle, Villiers-sur-Morin, Voulangis. Dimanche 13 aout, 10h30 &#8211; Messe \u00e0\u00a0 Cr\u00e9cy. Tous les d\u00e9tails&#46;&#46;&#46;<\/p>\n","protected":false},"author":2,"featured_media":0,"comment_status":"open","ping_status":"open","sticky":false,"template":"","format":"standard","meta":{"footnotes":""},"categories":[],"tags":[],"class_list":["post-1470","post","type-post","status-publish","format-standard","hentry"],"_links":{"self":[{"href":"https:\/\/www.chapelle-crecy.com\/index.php?rest_route=\/wp\/v2\/posts\/1470","targetHints":{"allow":["GET"]}}],"collection":[{"href":"https:\/\/www.chapelle-crecy.com\/index.php?rest_route=\/wp\/v2\/posts"}],"about":[{"href":"https:\/\/www.chapelle-crecy.com\/index.php?rest_route=\/wp\/v2\/types\/post"}],"author":[{"embeddable":true,"href":"https:\/\/www.chapelle-crecy.com\/index.php?rest_route=\/wp\/v2\/users\/2"}],"replies":[{"embeddable":true,"href":"https:\/\/www.chapelle-crecy.com\/index.php?rest_route=%2Fwp%2Fv2%2Fcomments&post=1470"}],"version-history":[{"count":0,"href":"https:\/\/www.chapelle-crecy.com\/index.php?rest_route=\/wp\/v2\/posts\/1470\/revisions"}],"wp:attachment":[{"href":"https:\/\/www.chapelle-crecy.com\/index.php?rest_route=%2Fwp%2Fv2%2Fmedia&parent=1470"}],"wp:term":[{"taxonomy":"category","embeddable":true,"href":"https:\/\/www.chapelle-crecy.com\/index.php?rest_route=%2Fwp%2Fv2%2Fcategories&post=1470"},{"taxonomy":"post_tag","embeddable":true,"href":"https:\/\/www.chapelle-crecy.com\/index.php?rest_route=%2Fwp%2Fv2%2Ftags&post=1470"}],"curies":[{"name":"wp","href":"https:\/\/api.w.org\/{rel}","templated":true}]}}