{"id":1471,"date":"2023-08-11T22:18:51","date_gmt":"2023-08-11T22:18:51","guid":{"rendered":""},"modified":"-0001-11-30T00:00:00","modified_gmt":"-0001-11-29T22:00:00","slug":"","status":"publish","type":"post","link":"https:\/\/www.chapelle-crecy.com\/?p=1471","title":{"rendered":"Annonces du 14 au 27 aout 2023"},"content":{"rendered":"<div align=\"justify\">Voici les annonces de la p\u00e9riode du lundi 14 au dimanche 27 aout 2023 pour la paroisse des 3 clochers Cr\u00e9cy-la-Chapelle, Villiers-sur-Morin, Voulangis. <\/p>\n<p>Mardi 15 aout, 10h30 &#8211; Messe \u00e0\u00a0 la coll\u00e9giale.<br \/>\nDimanche 20 aout, 10h30 &#8211; Messe \u00e0\u00a0  Cr\u00e9cy.<br \/>\nDimanche 27 aout, 10h30 &#8211; Messe \u00e0\u00a0  Cr\u00e9cy.<br \/>\nTous les d\u00e9tails dans la suite &#8230;\n<\/div>\n<div align=\"center\">\n<table bgcolor =\"FFF6F6\" border=0>\n<tbody>\n<tr>\n<td ><font color=\"00B0F0\"><\/p>\n<div align=\"center\"><img decoding=\"async\" src=\"\/IMG\/lieux\/lourdes11.jpg\" width=160><\/p>\n<\/div>\n<p><\/font><\/td>\n<td width=500><font color=\"00B0F0\"><\/p>\n<div align=\"left\">\n<b>Mardi 15 aout<\/b><br \/>\n10 h 30 &#8211; Messe de l&rsquo;ASSOMPTION \u00e0 la coll\u00e9giale.<br \/>\nNous prierons pour Lucienne BLAVIER et pour Marie-Jos\u00e9 DEBAY-FOURNY et les familles DEBAY et FOURNY.<\/p>\n<p><b>Jeudi 17 aout<\/b><br \/>\n9 h  Messe \u00e0 Cr\u00e9cy.<\/p>\n<p><b>Vendredi 18 aout<\/b><br \/>\n18 h  Messe \u00e0 Cr\u00e9cy suivie de l&rsquo;adoration du Saint-Sacrement.<\/p>\n<p><b>Dimanche 20 aout<\/b><br \/>\n10 h 30  Messe \u00e0 Cr\u00e9cy.<\/p>\n<\/div>\n<\/td>\n<\/tr>\n<\/tbody>\n<\/table>\n<table bgcolor =\"FFF6F6\" border=0>\n<tbody>\n<tr>\n<td ><font color=\"00F080\"><br \/>\n<b>Jeudi 24 aout<\/b><br \/>\n9 h  Messe \u00e0 Cr\u00e9cy.<br \/>\n15 h 15 &#8211; Obs\u00e8ques \u00e0 Cr\u00e9cy de Lucien PICCINATO.<\/p>\n<p><b>Vendredi 25 aout<\/b><br \/>\n<i>Saint Louis<\/i><br \/>\n14 h &#8211; Obs\u00e8ques \u00e0 Cr\u00e9cy d&rsquo;Hermine OZIEBALA-KURTICA.<br \/>\n18 h  Messe \u00e0 Cr\u00e9cy suivie de l&rsquo;adoration du Saint-Sacrement.<\/p>\n<p><b>Dimanche 27 aout<\/b><br \/>\n10 h 30  Messe \u00e0 Cr\u00e9cy pour R\u00e9gine MEUNIER ainsi que pour Daniel HANIER et sa famille.<\/td>\n<td ><font color=\"00F080\"><\/p>\n<div align=\"center\"><img decoding=\"async\" src=\"\/IMG\/personnes\/louis.jpg\" width=120><br \/><i>Saint Louis<\/i>\n<\/div>\n<p><\/font><\/td>\n<\/tr>\n<\/tbody>\n<\/table>\n<\/div>\n","protected":false},"excerpt":{"rendered":"<p>Voici les annonces de la p\u00e9riode du lundi 14 au dimanche 27 aout 2023 pour la paroisse des 3 clochers Cr\u00e9cy-la-Chapelle, Villiers-sur-Morin, Voulangis. Mardi 15 aout, 10h30 &#8211; Messe \u00e0\u00a0 la coll\u00e9giale. Dimanche 20&#46;&#46;&#46;<\/p>\n","protected":false},"author":2,"featured_media":0,"comment_status":"open","ping_status":"open","sticky":false,"template":"","format":"standard","meta":{"footnotes":""},"categories":[],"tags":[],"class_list":["post-1471","post","type-post","status-publish","format-standard","hentry"],"_links":{"self":[{"href":"https:\/\/www.chapelle-crecy.com\/index.php?rest_route=\/wp\/v2\/posts\/1471","targetHints":{"allow":["GET"]}}],"collection":[{"href":"https:\/\/www.chapelle-crecy.com\/index.php?rest_route=\/wp\/v2\/posts"}],"about":[{"href":"https:\/\/www.chapelle-crecy.com\/index.php?rest_route=\/wp\/v2\/types\/post"}],"author":[{"embeddable":true,"href":"https:\/\/www.chapelle-crecy.com\/index.php?rest_route=\/wp\/v2\/users\/2"}],"replies":[{"embeddable":true,"href":"https:\/\/www.chapelle-crecy.com\/index.php?rest_route=%2Fwp%2Fv2%2Fcomments&post=1471"}],"version-history":[{"count":0,"href":"https:\/\/www.chapelle-crecy.com\/index.php?rest_route=\/wp\/v2\/posts\/1471\/revisions"}],"wp:attachment":[{"href":"https:\/\/www.chapelle-crecy.com\/index.php?rest_route=%2Fwp%2Fv2%2Fmedia&parent=1471"}],"wp:term":[{"taxonomy":"category","embeddable":true,"href":"https:\/\/www.chapelle-crecy.com\/index.php?rest_route=%2Fwp%2Fv2%2Fcategories&post=1471"},{"taxonomy":"post_tag","embeddable":true,"href":"https:\/\/www.chapelle-crecy.com\/index.php?rest_route=%2Fwp%2Fv2%2Ftags&post=1471"}],"curies":[{"name":"wp","href":"https:\/\/api.w.org\/{rel}","templated":true}]}}