{"id":1496,"date":"2023-12-06T15:21:58","date_gmt":"2023-12-06T15:21:58","guid":{"rendered":""},"modified":"-0001-11-30T00:00:00","modified_gmt":"-0001-11-29T22:00:00","slug":"","status":"publish","type":"post","link":"https:\/\/www.chapelle-crecy.com\/?p=1496","title":{"rendered":"Cr\u00e8che de Voulangis &#8211; Le d\u00e9part du chemin des cr\u00e8ches des 3 clochers"},"content":{"rendered":"<p>La cr\u00e8che de No\u00f6l de Voulangis vous accueille \u00e0\u00a0 l&rsquo;\u00e9glise Saint-Pierre le vendredi 22 d\u00e9cembre de 16h \u00e0\u00a0 17h30.. L&rsquo;\u00e9glise est ouverte \u00e0\u00a0 tous.<br \/>\nDe m\u00eame, les cr\u00e8ches de St R\u00e9mi \u00e0\u00a0 Villiers et de St Georges \u00e0\u00a0 Cr\u00e9cy peuvent \u00eatre visit\u00e9es de 10h \u00e0\u00a0 midi tous les samedis du mois d\u00e9cembre (temps de l&rsquo;Avent).<br \/>\nUne superbe cr\u00e8che a \u00e9t\u00e9 restaur\u00e9e \u00e0\u00a0 la Coll\u00e9giale par les Amis du Patrimoine Cr\u00e9\u00e7ois. Elle peut \u00eatre vue depuis l&rsquo;ext\u00e9rieur \u00e0\u00a0 travers la grille.<br \/>\nAu nom des p\u00e8res Antoine et Fran\u00e7ois-Olivier, pr\u00eatres de notre secteur de Cr\u00e9cy, ainsi que des fid\u00e8les engag\u00e9s dans la vie pastorale des 3 clochers, nous tenons \u00e0\u00a0 vous dire que vous serez toujours les bienvenus ici, dans nos 3 \u00e9glises saint Pierre, St Georges et St R\u00e9mi : vous \u00eates chez vous. Et maintenant, comme depuis la douce nuit des temps, la foi et l&rsquo;esp\u00e9rance vous sont confi\u00e9es personnellement et \u00e0\u00a0 chacun par Celui qui est la Lumi\u00e8re des hommes. En rentrant chez vous aupr\u00e8s de ceux qui vous sont chers, apr\u00e8s avoir visit\u00e9 l&rsquo;une de ces cr\u00e8ches, poursuivez inlassablement cette qu\u00eate de l&rsquo;esp\u00e9rance et de la foi en Dieu. Faites la cr\u00e8che du Christ et annoncez la Bonne Nouvelle des anges : Gloire \u00e0\u00a0 Dieu au plus Haut des cieux et paix sur la terre aux Hommes qu&rsquo;Il aime !<\/p>\n<div align=\"center\"><img decoding=\"async\" src=\"\/IMG\/jpg\/creche_voulangis_2023.jpg\"><\/div>\n","protected":false},"excerpt":{"rendered":"<p>La cr\u00e8che de No\u00f6l de Voulangis vous accueille \u00e0\u00a0 l&rsquo;\u00e9glise Saint-Pierre le vendredi 22 d\u00e9cembre de 16h \u00e0\u00a0 17h30.. L&rsquo;\u00e9glise est ouverte \u00e0\u00a0 tous. De m\u00eame, les cr\u00e8ches de St R\u00e9mi \u00e0\u00a0 Villiers et&#46;&#46;&#46;<\/p>\n","protected":false},"author":2,"featured_media":0,"comment_status":"open","ping_status":"open","sticky":false,"template":"","format":"standard","meta":{"footnotes":""},"categories":[],"tags":[],"class_list":["post-1496","post","type-post","status-publish","format-standard","hentry"],"_links":{"self":[{"href":"https:\/\/www.chapelle-crecy.com\/index.php?rest_route=\/wp\/v2\/posts\/1496","targetHints":{"allow":["GET"]}}],"collection":[{"href":"https:\/\/www.chapelle-crecy.com\/index.php?rest_route=\/wp\/v2\/posts"}],"about":[{"href":"https:\/\/www.chapelle-crecy.com\/index.php?rest_route=\/wp\/v2\/types\/post"}],"author":[{"embeddable":true,"href":"https:\/\/www.chapelle-crecy.com\/index.php?rest_route=\/wp\/v2\/users\/2"}],"replies":[{"embeddable":true,"href":"https:\/\/www.chapelle-crecy.com\/index.php?rest_route=%2Fwp%2Fv2%2Fcomments&post=1496"}],"version-history":[{"count":0,"href":"https:\/\/www.chapelle-crecy.com\/index.php?rest_route=\/wp\/v2\/posts\/1496\/revisions"}],"wp:attachment":[{"href":"https:\/\/www.chapelle-crecy.com\/index.php?rest_route=%2Fwp%2Fv2%2Fmedia&parent=1496"}],"wp:term":[{"taxonomy":"category","embeddable":true,"href":"https:\/\/www.chapelle-crecy.com\/index.php?rest_route=%2Fwp%2Fv2%2Fcategories&post=1496"},{"taxonomy":"post_tag","embeddable":true,"href":"https:\/\/www.chapelle-crecy.com\/index.php?rest_route=%2Fwp%2Fv2%2Ftags&post=1496"}],"curies":[{"name":"wp","href":"https:\/\/api.w.org\/{rel}","templated":true}]}}