{"id":1497,"date":"2023-12-10T11:26:45","date_gmt":"2023-12-10T11:26:45","guid":{"rendered":""},"modified":"-0001-11-30T00:00:00","modified_gmt":"-0001-11-29T22:00:00","slug":"","status":"publish","type":"post","link":"https:\/\/www.chapelle-crecy.com\/?p=1497","title":{"rendered":"Annonces du 11 au 17 d\u00e9cembre 2023"},"content":{"rendered":"<div align=\"justify\">Voici les annonces de la p\u00e9riode du lundi 11 au dimanche 17 d\u00e9cembre 2023 pour la paroisse des 3 clochers Cr\u00e9cy-la-Chapelle, Villiers-sur-Morin, Voulangis. <\/p>\n<p>Samedi 16 d\u00e9cembre &#8211; 18 h 30  &#8211; Messe \u00e0\u00a0 Villiers.<br \/>\nDimanche 17 d\u00e9cembre 10 h 30 &#8211; Messe \u00e0\u00a0 Cr\u00e9cy. En ce jour du march\u00e9 de No\u00f6l dans le bourg de Cr\u00e9cy, un vin chaud et un chocolat chaud vous seront servis \u00e0\u00a0 l&rsquo;issue de cette messe.<br \/>\nTous les d\u00e9tails dans suite &#8230; <\/div>\n<div align=\"center\">\n<table bgcolor =\"FBF6F6\" border=0>\n<tbody>\n<tr>\n<td width=250><font color=\"8080F0\"><\/p>\n<div align=\"center\"><img decoding=\"async\" src=\"\/IMG\/personnes\/adelaide.jpg\" width=220><br \/><i>Sainte Ad\u00e9la\u00efde<\/i>\n<\/div>\n<p><\/font><\/td>\n<td width=450><font color=\"8080F0\"><\/p>\n<div align=\"left\">\n<b>Mardi 12 d\u00e9cembre<\/b><br \/>\n9 h  &#8211; Messe \u00e0 St Georges \u00e0 Cr\u00e9cy.<\/p>\n<p><b>Jeudi 14 d\u00e9cembre<\/b><br \/>\n9 h  &#8211; Messe \u00e0 St Georges \u00e0 Cr\u00e9cy.<\/p>\n<p><b>Vendredi 15 d\u00e9cembre<\/b><br \/>\n18 h &#8211; Messe \u00e0 Cr\u00e9cy, suivie de l&rsquo;adoration du Saint Sacrement.<\/p>\n<p><b>Samedi 16 d\u00e9cembre<\/b><br \/>\n<i>Sainte Ad\u00e9la\u00efde<\/i><br \/>\n18 h 30 &#8211; Messe \u00e0 Villiers anim\u00e9e par l&rsquo;Aumonerie.<\/p>\n<p><b>Dimanche 17 d\u00e9cembre<\/b><br \/>\n<i>Troisi\u00e8me dimanche de l&rsquo;AVENT<\/i><br \/>\n10 h 30 &#8211; Messe \u00e0 Cr\u00e9cy. En ce jour du march\u00e9 de No\u00ebl dans le bourg de Cr\u00e9cy, un vin chaud et un chocolat chaud vous seront servis \u00e0 l&rsquo;issue de cette messe.<\/p>\n<p>Concert de No\u00ebl \u00e0 l&rsquo;\u00e9glise Saint-Georges Dimanche 17 d\u00e9cembre \u00e0 16h.<br \/>\n<\/font><\/td>\n<\/tr>\n<\/tbody>\n<\/table>\n<\/div>\n","protected":false},"excerpt":{"rendered":"<p>Voici les annonces de la p\u00e9riode du lundi 11 au dimanche 17 d\u00e9cembre 2023 pour la paroisse des 3 clochers Cr\u00e9cy-la-Chapelle, Villiers-sur-Morin, Voulangis. Samedi 16 d\u00e9cembre &#8211; 18 h 30 &#8211; Messe \u00e0\u00a0 Villiers.&#46;&#46;&#46;<\/p>\n","protected":false},"author":2,"featured_media":0,"comment_status":"open","ping_status":"open","sticky":false,"template":"","format":"standard","meta":{"footnotes":""},"categories":[],"tags":[],"class_list":["post-1497","post","type-post","status-publish","format-standard","hentry"],"_links":{"self":[{"href":"https:\/\/www.chapelle-crecy.com\/index.php?rest_route=\/wp\/v2\/posts\/1497","targetHints":{"allow":["GET"]}}],"collection":[{"href":"https:\/\/www.chapelle-crecy.com\/index.php?rest_route=\/wp\/v2\/posts"}],"about":[{"href":"https:\/\/www.chapelle-crecy.com\/index.php?rest_route=\/wp\/v2\/types\/post"}],"author":[{"embeddable":true,"href":"https:\/\/www.chapelle-crecy.com\/index.php?rest_route=\/wp\/v2\/users\/2"}],"replies":[{"embeddable":true,"href":"https:\/\/www.chapelle-crecy.com\/index.php?rest_route=%2Fwp%2Fv2%2Fcomments&post=1497"}],"version-history":[{"count":0,"href":"https:\/\/www.chapelle-crecy.com\/index.php?rest_route=\/wp\/v2\/posts\/1497\/revisions"}],"wp:attachment":[{"href":"https:\/\/www.chapelle-crecy.com\/index.php?rest_route=%2Fwp%2Fv2%2Fmedia&parent=1497"}],"wp:term":[{"taxonomy":"category","embeddable":true,"href":"https:\/\/www.chapelle-crecy.com\/index.php?rest_route=%2Fwp%2Fv2%2Fcategories&post=1497"},{"taxonomy":"post_tag","embeddable":true,"href":"https:\/\/www.chapelle-crecy.com\/index.php?rest_route=%2Fwp%2Fv2%2Ftags&post=1497"}],"curies":[{"name":"wp","href":"https:\/\/api.w.org\/{rel}","templated":true}]}}