{"id":1509,"date":"2024-02-03T20:31:31","date_gmt":"2024-02-03T20:31:31","guid":{"rendered":""},"modified":"-0001-11-30T00:00:00","modified_gmt":"-0001-11-29T22:00:00","slug":"","status":"publish","type":"post","link":"https:\/\/www.chapelle-crecy.com\/?p=1509","title":{"rendered":"Annonces du 5 au 11 f\u00e9vrier 2024"},"content":{"rendered":"<div align=\"justify\">Voici les annonces de la p\u00e9riode du lundi 5 au dimanche 11 f\u00e9vrier 2024 pour la paroisse des 3 clochers Cr\u00e9cy-la-Chapelle, Villiers-sur-Morin, Voulangis. <\/p>\n<p>Samedi 10 f\u00e9vrier &#8211; 18 h 30  &#8211; Messe \u00e0\u00a0 Voulangis.<br \/>\nDimanche 11 f\u00e9vrier &#8211; 10 h 30 &#8211; Messe \u00e0\u00a0 Cr\u00e9cy. <br \/>\nTous les d\u00e9tails dans suite &#8230; <\/div>\n<div align=\"center\">\n<table bgcolor =\"FBF6F6\" border=0>\n<tbody>\n<tr>\n<td width=250><font color=\"8080F0\"><\/p>\n<div align=\"center\"><img decoding=\"async\" src=\"\/IMG\/personnes\/gaston.jpg\" width=190><br \/><i>Saint Gaston<\/i>\n<\/div>\n<p><\/font><\/td>\n<td width=450><font color=\"8080F0\"><\/p>\n<div align=\"left\">\n<b>Lundi 5 f\u00e9vrier<\/b><br \/>\n14 h &#8211; R\u00e9union de l&rsquo;\u00e9quipe du Rosaire.<\/p>\n<p><b>Mardi 6 f\u00e9vrier<\/b><br \/>\n<i>Saint Gaston<\/i><br \/>\n10 h &#8211; Obs\u00e8ques \u00e0 Villiers de Guiseppe AQUINO.<br \/>\n18 h 30 &#8211; R\u00e9p\u00e9tition de la chorale \u00e0 Cr\u00e9cy.<\/p>\n<p><b>Mercredi 7 f\u00e9vrier<\/b><br \/>\n20 h 30 &#8211; Groupe de pri\u00e8re \u00e0 Cr\u00e9cy.<\/p>\n<p><b>Jeudi 8 f\u00e9vrier<\/b><br \/>\n9 h  &#8211; Messe \u00e0 Cr\u00e9cy.<\/p>\n<p><b>Vendredi 9 f\u00e9vrier<\/b><br \/>\n18 h  &#8211; Messe \u00e0 Cr\u00e9cy suivie de l&rsquo;adoration du Saint Sacrement.<\/p>\n<p><b>Samedi 10 f\u00e9vrier<\/b><br \/>\n18 h 30 &#8211; Messe \u00e0 Voulangis.<\/p>\n<p><b>Dimanche 11 f\u00e9vrier<\/b><br \/>\n10 h 30 &#8211; Messe \u00e0 Cr\u00e9cy pour Guiseppe AQUINO inhum\u00e9 cette semaine.<br \/>\n<\/font><\/td>\n<\/tr>\n<\/tbody>\n<\/table>\n<\/div>\n","protected":false},"excerpt":{"rendered":"<p>Voici les annonces de la p\u00e9riode du lundi 5 au dimanche 11 f\u00e9vrier 2024 pour la paroisse des 3 clochers Cr\u00e9cy-la-Chapelle, Villiers-sur-Morin, Voulangis. Samedi 10 f\u00e9vrier &#8211; 18 h 30 &#8211; Messe \u00e0\u00a0 Voulangis.&#46;&#46;&#46;<\/p>\n","protected":false},"author":2,"featured_media":0,"comment_status":"open","ping_status":"open","sticky":false,"template":"","format":"standard","meta":{"footnotes":""},"categories":[],"tags":[],"class_list":["post-1509","post","type-post","status-publish","format-standard","hentry"],"_links":{"self":[{"href":"https:\/\/www.chapelle-crecy.com\/index.php?rest_route=\/wp\/v2\/posts\/1509","targetHints":{"allow":["GET"]}}],"collection":[{"href":"https:\/\/www.chapelle-crecy.com\/index.php?rest_route=\/wp\/v2\/posts"}],"about":[{"href":"https:\/\/www.chapelle-crecy.com\/index.php?rest_route=\/wp\/v2\/types\/post"}],"author":[{"embeddable":true,"href":"https:\/\/www.chapelle-crecy.com\/index.php?rest_route=\/wp\/v2\/users\/2"}],"replies":[{"embeddable":true,"href":"https:\/\/www.chapelle-crecy.com\/index.php?rest_route=%2Fwp%2Fv2%2Fcomments&post=1509"}],"version-history":[{"count":0,"href":"https:\/\/www.chapelle-crecy.com\/index.php?rest_route=\/wp\/v2\/posts\/1509\/revisions"}],"wp:attachment":[{"href":"https:\/\/www.chapelle-crecy.com\/index.php?rest_route=%2Fwp%2Fv2%2Fmedia&parent=1509"}],"wp:term":[{"taxonomy":"category","embeddable":true,"href":"https:\/\/www.chapelle-crecy.com\/index.php?rest_route=%2Fwp%2Fv2%2Fcategories&post=1509"},{"taxonomy":"post_tag","embeddable":true,"href":"https:\/\/www.chapelle-crecy.com\/index.php?rest_route=%2Fwp%2Fv2%2Ftags&post=1509"}],"curies":[{"name":"wp","href":"https:\/\/api.w.org\/{rel}","templated":true}]}}