{"id":1519,"date":"2024-02-25T16:44:28","date_gmt":"2024-02-25T15:44:28","guid":{"rendered":"https:\/\/www.chapelle-crecy.com\/?p=1519"},"modified":"2024-03-02T08:12:44","modified_gmt":"2024-03-02T07:12:44","slug":"annonces-de-la-semaine-du-26-fevrier-au-3-mars-2024","status":"publish","type":"post","link":"https:\/\/www.chapelle-crecy.com\/?p=1519","title":{"rendered":"Annonces de la semaine du 26 f\u00e9vrier au 3 mars 2024"},"content":{"rendered":"<table>\n<tbody>\n<tr>\n<td>Lundi 26 f\u00e9vrier<\/td>\n<td>15 h &#8211; Messe \u00e0 la Maison de retraire de Cr\u00e9cy<\/td>\n<\/tr>\n<tr>\n<td>Mardi 27 f\u00e9vrier<\/td>\n<td>9 h &#8211; Messe \u00e0 Cr\u00e9cy<\/td>\n<\/tr>\n<tr>\n<td><\/td>\n<td>18 h 30 &#8211; REPETITION DE LA CHORALE<\/td>\n<\/tr>\n<tr>\n<td>Jeudi 29 f\u00e9vrier<\/td>\n<td>9 h &#8211; Messe \u00e0 Cr\u00e9cy<\/td>\n<\/tr>\n<tr>\n<td>Vendredi 1er mars<\/td>\n<td>15 h &#8211; Chemin de Croix \u00e0 Cr\u00e9cy<\/td>\n<\/tr>\n<tr>\n<td><\/td>\n<td>18 h &#8211; Messe \u00e0 Cr\u00e9cy, suivie de l&rsquo;adoration du Saint Sacrement<\/td>\n<\/tr>\n<tr>\n<td>Samedi 2 mars<\/td>\n<td>18 h 30 &#8211; Messe \u00e0 Villiers pour Mr Jean-Hugues PAIN.<\/td>\n<\/tr>\n<tr>\n<td>Dimanche 3 mars<\/td>\n<td>TROISIEME DIMANCHE DE CAREME<\/td>\n<\/tr>\n<tr>\n<td><\/td>\n<td>10 h 30 &#8211; Messe \u00e0 Villiers.<\/td>\n<\/tr>\n<tr>\n<td><\/td>\n<td>Scrutin pour Albane<\/td>\n<\/tr>\n<tr>\n<td><\/td>\n<td><b>16h30 &#8211; Pr\u00e9sentation de la R\u00e9publique D\u00e9mocratique du Congo par le P\u00e8re Antoine aux salles paroissiales de Cr\u00e9cy (Ne pas se garer dans le parking des salles paroissiales merci).<\/b><\/td>\n<\/tr>\n<tr>\n<td><\/td>\n<td><span style=\"color: #ff0000;\">La qu\u00eate sp\u00e9ciale pour l&rsquo;entretien des b\u00e2timents appartenant au dioc\u00e8se de Meaux le samedi 2 et dimanche 3 Mars<\/span><\/td>\n<\/tr>\n<\/tbody>\n<\/table>\n","protected":false},"excerpt":{"rendered":"<p>Lundi 26 f\u00e9vrier 15 h &#8211; Messe \u00e0 la Maison de retraire de Cr\u00e9cy Mardi 27 f\u00e9vrier 9 h &#8211; Messe \u00e0 Cr\u00e9cy 18 h 30 &#8211; REPETITION DE LA CHORALE Jeudi 29 f\u00e9vrier&#46;&#46;&#46;<\/p>\n","protected":false},"author":1,"featured_media":0,"comment_status":"closed","ping_status":"closed","sticky":false,"template":"","format":"standard","meta":{"footnotes":""},"categories":[2],"tags":[],"class_list":["post-1519","post","type-post","status-publish","format-standard","hentry","category-annonces"],"_links":{"self":[{"href":"https:\/\/www.chapelle-crecy.com\/index.php?rest_route=\/wp\/v2\/posts\/1519","targetHints":{"allow":["GET"]}}],"collection":[{"href":"https:\/\/www.chapelle-crecy.com\/index.php?rest_route=\/wp\/v2\/posts"}],"about":[{"href":"https:\/\/www.chapelle-crecy.com\/index.php?rest_route=\/wp\/v2\/types\/post"}],"author":[{"embeddable":true,"href":"https:\/\/www.chapelle-crecy.com\/index.php?rest_route=\/wp\/v2\/users\/1"}],"replies":[{"embeddable":true,"href":"https:\/\/www.chapelle-crecy.com\/index.php?rest_route=%2Fwp%2Fv2%2Fcomments&post=1519"}],"version-history":[{"count":7,"href":"https:\/\/www.chapelle-crecy.com\/index.php?rest_route=\/wp\/v2\/posts\/1519\/revisions"}],"predecessor-version":[{"id":1528,"href":"https:\/\/www.chapelle-crecy.com\/index.php?rest_route=\/wp\/v2\/posts\/1519\/revisions\/1528"}],"wp:attachment":[{"href":"https:\/\/www.chapelle-crecy.com\/index.php?rest_route=%2Fwp%2Fv2%2Fmedia&parent=1519"}],"wp:term":[{"taxonomy":"category","embeddable":true,"href":"https:\/\/www.chapelle-crecy.com\/index.php?rest_route=%2Fwp%2Fv2%2Fcategories&post=1519"},{"taxonomy":"post_tag","embeddable":true,"href":"https:\/\/www.chapelle-crecy.com\/index.php?rest_route=%2Fwp%2Fv2%2Ftags&post=1519"}],"curies":[{"name":"wp","href":"https:\/\/api.w.org\/{rel}","templated":true}]}}