{"id":1529,"date":"2024-03-03T17:00:00","date_gmt":"2024-03-03T16:00:00","guid":{"rendered":"https:\/\/www.chapelle-crecy.com\/?p=1529"},"modified":"2024-03-02T09:38:13","modified_gmt":"2024-03-02T08:38:13","slug":"annonces-de-la-semaine-du-4-au-10-mars-2024","status":"publish","type":"post","link":"https:\/\/www.chapelle-crecy.com\/?p=1529","title":{"rendered":"Annonces de la semaine du 4 au 10 mars 2024"},"content":{"rendered":"<table>\n<tbody>\n<tr>\n<td>Lundi 4 mars<\/td>\n<td>14 h &#8211; Le Rosaire au presbyt\u00e8re<\/td>\n<\/tr>\n<tr>\n<td>Mardi 5 mars<\/td>\n<td>9 h &#8211; Messe \u00e0 Cr\u00e9cy<\/td>\n<\/tr>\n<tr>\n<td><\/td>\n<td>18 h 30 &#8211; REPETITION DE LA CHORALE<\/td>\n<\/tr>\n<tr>\n<td>Mercredi 6 mars<\/td>\n<td>20 h 30 &#8211; Groupe de pri\u00e8re \u00e0 Cr\u00e9cy<\/td>\n<\/tr>\n<tr>\n<td>Jeudi 7 mars<\/td>\n<td>9 h &#8211; Messe \u00e0 Cr\u00e9cy<\/td>\n<\/tr>\n<tr>\n<td>Vendredi 8 mars<\/td>\n<td>15 h &#8211; Chemin de Croix \u00e0 Cr\u00e9cy<\/td>\n<\/tr>\n<tr>\n<td><\/td>\n<td>18 h &#8211; Messe \u00e0 Cr\u00e9cy, suivie de l&rsquo;adoration du Saint Sacrement<\/td>\n<\/tr>\n<tr>\n<td>Samedi 9 mars<\/td>\n<td>C\u00e9l\u00e9bration du pardon \u00e0 Cr\u00e9cy<br \/>\n10 h &#8211; Temps fort avec les enfants et les parents du cat\u00e9<br \/>\n15 h &#8211; Confessions \u00e0 Cr\u00e9cy<\/td>\n<\/tr>\n<tr>\n<td><\/td>\n<td>18 h 30 &#8211; Messe \u00e0 VOULANGIS.<\/td>\n<\/tr>\n<tr>\n<td>Dimanche 10 mars<\/td>\n<td>QUATRIEME DIMANCHE DE CAREME<\/td>\n<\/tr>\n<tr>\n<td><\/td>\n<td>10 h 30 &#8211; Messe \u00e0 Cr\u00e9cy.<\/td>\n<\/tr>\n<\/tbody>\n<\/table>\n","protected":false},"excerpt":{"rendered":"<p>Lundi 4 mars 14 h &#8211; Le Rosaire au presbyt\u00e8re Mardi 5 mars 9 h &#8211; Messe \u00e0 Cr\u00e9cy 18 h 30 &#8211; REPETITION DE LA CHORALE Mercredi 6 mars 20 h 30 &#8211;&#46;&#46;&#46;<\/p>\n","protected":false},"author":1,"featured_media":0,"comment_status":"closed","ping_status":"closed","sticky":false,"template":"","format":"standard","meta":{"footnotes":""},"categories":[2],"tags":[],"class_list":["post-1529","post","type-post","status-publish","format-standard","hentry","category-annonces"],"_links":{"self":[{"href":"https:\/\/www.chapelle-crecy.com\/index.php?rest_route=\/wp\/v2\/posts\/1529","targetHints":{"allow":["GET"]}}],"collection":[{"href":"https:\/\/www.chapelle-crecy.com\/index.php?rest_route=\/wp\/v2\/posts"}],"about":[{"href":"https:\/\/www.chapelle-crecy.com\/index.php?rest_route=\/wp\/v2\/types\/post"}],"author":[{"embeddable":true,"href":"https:\/\/www.chapelle-crecy.com\/index.php?rest_route=\/wp\/v2\/users\/1"}],"replies":[{"embeddable":true,"href":"https:\/\/www.chapelle-crecy.com\/index.php?rest_route=%2Fwp%2Fv2%2Fcomments&post=1529"}],"version-history":[{"count":2,"href":"https:\/\/www.chapelle-crecy.com\/index.php?rest_route=\/wp\/v2\/posts\/1529\/revisions"}],"predecessor-version":[{"id":1531,"href":"https:\/\/www.chapelle-crecy.com\/index.php?rest_route=\/wp\/v2\/posts\/1529\/revisions\/1531"}],"wp:attachment":[{"href":"https:\/\/www.chapelle-crecy.com\/index.php?rest_route=%2Fwp%2Fv2%2Fmedia&parent=1529"}],"wp:term":[{"taxonomy":"category","embeddable":true,"href":"https:\/\/www.chapelle-crecy.com\/index.php?rest_route=%2Fwp%2Fv2%2Fcategories&post=1529"},{"taxonomy":"post_tag","embeddable":true,"href":"https:\/\/www.chapelle-crecy.com\/index.php?rest_route=%2Fwp%2Fv2%2Ftags&post=1529"}],"curies":[{"name":"wp","href":"https:\/\/api.w.org\/{rel}","templated":true}]}}