{"id":153,"date":"2009-08-29T21:00:00","date_gmt":"2009-08-29T21:00:00","guid":{"rendered":""},"modified":"-0001-11-30T00:00:00","modified_gmt":"-0001-11-29T22:00:00","slug":"","status":"publish","type":"post","link":"https:\/\/www.chapelle-crecy.com\/?p=153","title":{"rendered":"Annonces de la semaine du 31 aout au 6 septembre 2009"},"content":{"rendered":"<table bgcolor =\"F0FAFF\" border=0>\n<tbody>\n<tr>\n<td>\n<div align=\"justify\">\n<div \"66\">Voici les annonces de la semaine du lundi  31 aout au dimanche 6 septembre pour la paroisse des 3 clochers Cr\u00e9cy-la-Chapelle, Villiers-sur-Morin, Voulangis.<\/div>\n<\/div>\n<\/td>\n<\/tr>\n<\/tbody>\n<\/table>\n<table bgcolor =\"F0FAFF\" border=1>\n<tbody>\n<tr>\n<td width=150><font color=\"0020FF\">Lundi 31 aout<\/font><\/td>\n<td><font color=\"0020FF\">9 h &#8211; Messe \u00e0 Cr\u00e9cy pour Gilles DUWARD.<br \/>\n17 h &#8211; R\u00e9union de l&rsquo;\u00e9quipe du secours catholique.<br \/>\n20 h 30 &#8211; R\u00e9union de l&rsquo;Equipe d&rsquo;Animation Pastorale.<\/font><\/td>\n<\/tr>\n<tr>\n<td><font color=\"0020FF\">Mardi 1 septembre<\/font><\/td>\n<td><font color=\"0020FF\">17 h &#8211;  Messe \u00e0 la maison de retraite pour Janine ROUSSEAU.<\/font><\/td>\n<\/tr>\n<tr>\n<td><font color=\"0020FF\">Mercredi 2 septembre<\/font><\/td>\n<td><font color=\"0020FF\">17 h &#8211;  Messe \u00e0 Cr\u00e9cy pour Jeannine DULLIN.<\/font><\/td>\n<\/tr>\n<tr>\n<td><font color=\"0020FF\">Jeudi 3 septembre<\/font><\/td>\n<td><font color=\"0020FF\">9 h &#8211;  Messe \u00e0 Cr\u00e9cy pour Henriette TUFFIN.<\/font><\/td>\n<\/tr>\n<tr>\n<td><font color=\"0020FF\">Vendredi 4 septembre<\/font><\/td>\n<td><font color=\"0020FF\">9 h &#8211;  Messe \u00e0 Cr\u00e9cy pour Maria LEGENDRE.<\/font><\/td>\n<\/tr>\n<tr>\n<td><font color=\"0020FF\">Dimanche 6 septembre<\/font><\/td>\n<td><font color=\"0020FF\">10 h 30   <font color=\"FF0000\">La Messe \u00e0 Cr\u00e9cy sera c\u00e9l\u00e9br\u00e9e par le P\u00e8re Ev\u00eaque <\/fonT> avec une intention particuli\u00e8re pour la famille BLAVIER-RONDEL.<\/font><\/td>\n<\/tr>\n<\/tbody>\n<\/table>\n<\/td>\n<\/tbody>\n<\/table>\n","protected":false},"excerpt":{"rendered":"<p>Voici les annonces de la semaine du lundi 31 aout au dimanche 6 septembre pour la paroisse des 3 clochers Cr\u00e9cy-la-Chapelle, Villiers-sur-Morin, Voulangis. Lundi 31 aout 9 h &#8211; Messe \u00e0 Cr\u00e9cy pour Gilles&#46;&#46;&#46;<\/p>\n","protected":false},"author":2,"featured_media":0,"comment_status":"open","ping_status":"open","sticky":false,"template":"","format":"standard","meta":{"footnotes":""},"categories":[],"tags":[],"class_list":["post-153","post","type-post","status-publish","format-standard","hentry"],"_links":{"self":[{"href":"https:\/\/www.chapelle-crecy.com\/index.php?rest_route=\/wp\/v2\/posts\/153","targetHints":{"allow":["GET"]}}],"collection":[{"href":"https:\/\/www.chapelle-crecy.com\/index.php?rest_route=\/wp\/v2\/posts"}],"about":[{"href":"https:\/\/www.chapelle-crecy.com\/index.php?rest_route=\/wp\/v2\/types\/post"}],"author":[{"embeddable":true,"href":"https:\/\/www.chapelle-crecy.com\/index.php?rest_route=\/wp\/v2\/users\/2"}],"replies":[{"embeddable":true,"href":"https:\/\/www.chapelle-crecy.com\/index.php?rest_route=%2Fwp%2Fv2%2Fcomments&post=153"}],"version-history":[{"count":0,"href":"https:\/\/www.chapelle-crecy.com\/index.php?rest_route=\/wp\/v2\/posts\/153\/revisions"}],"wp:attachment":[{"href":"https:\/\/www.chapelle-crecy.com\/index.php?rest_route=%2Fwp%2Fv2%2Fmedia&parent=153"}],"wp:term":[{"taxonomy":"category","embeddable":true,"href":"https:\/\/www.chapelle-crecy.com\/index.php?rest_route=%2Fwp%2Fv2%2Fcategories&post=153"},{"taxonomy":"post_tag","embeddable":true,"href":"https:\/\/www.chapelle-crecy.com\/index.php?rest_route=%2Fwp%2Fv2%2Ftags&post=153"}],"curies":[{"name":"wp","href":"https:\/\/api.w.org\/{rel}","templated":true}]}}