{"id":1533,"date":"2024-03-15T14:37:46","date_gmt":"2024-03-15T13:37:46","guid":{"rendered":"https:\/\/www.chapelle-crecy.com\/?p=1533"},"modified":"2024-03-23T15:36:41","modified_gmt":"2024-03-23T14:36:41","slug":"annonces-du-samedi-16-au-dimanche-24-mars","status":"publish","type":"post","link":"https:\/\/www.chapelle-crecy.com\/?p=1533","title":{"rendered":"Annonces du samedi 16 au dimanche 24 mars"},"content":{"rendered":"<table>\n<tbody>\n<tr>\n<td style=\"text-align: left;\"><strong><u>Samedi 16 Mars<\/u>\u00a0:<\/strong><\/td>\n<td style=\"text-align: left;\"><strong> <u>9h00 &#8211; minuit\u00a0:<\/u> journ\u00e9e du Pardon \u00e0 Meaux<\/strong><\/td>\n<\/tr>\n<tr>\n<td style=\"text-align: left;\"><\/td>\n<td style=\"text-align: left;\"><strong><u>10h00\u00a0:<\/u> au presbyt\u00e8re, r\u00e9union de pr\u00e9paration de la procession des Rameaux du 24 Mars 2024<\/strong>\n<strong><u>10h30\u00a0:<\/u> m\u00e9nage \u00e0 l\u2019\u00e9glise st Pierre de Voulangis<\/strong>\n<strong><u>18h30\u00a0: <\/u>\u00a0Messe \u00e0 Villiers<\/strong><\/td>\n<\/tr>\n<tr>\n<td style=\"text-align: left;\"><strong><u>Dimanche 17 Mars<\/u>\u00a0:\u00a0<\/strong><\/td>\n<td style=\"text-align: left;\"><strong>Cinqui\u00e8me dimanche de Car\u00eame<\/strong><\/td>\n<\/tr>\n<tr>\n<td><\/td>\n<td style=\"text-align: left;\"><strong><u>10h30\u00a0:<\/u>\u00a0\u00a0 Messe \u00e0 Cr\u00e9cy<\/strong>\n<strong>16h30\u00a0:\u00a0\u00a0 Conf\u00e9rence de car\u00eame du p\u00e8re Antoine salle paroissiale de Cr\u00e9cy. Th\u00e8me\u00a0: la liturgie<\/strong><\/td>\n<\/tr>\n<tr>\n<td style=\"text-align: left;\"><strong><u>Mardi 19 Mars\u00a0<\/u><\/strong>:<\/td>\n<td style=\"text-align: left;\"><strong><u>9h\u00a0:<\/u> Messe \u00e0 Cr\u00e9cy<\/strong><\/td>\n<\/tr>\n<tr>\n<td><\/td>\n<td style=\"text-align: left;\"><strong><u>18h30\u00a0:<\/u> REPETITION DE LA CHORALE<\/strong><\/td>\n<\/tr>\n<tr>\n<td style=\"text-align: left;\"><strong><u>Mercredi 20 Mars<\/u><\/strong> :<\/td>\n<td style=\"text-align: left;\"><strong><u>20h30\u00a0:<\/u> Groupe de pri\u00e8re \u00e0 Cr\u00e9c<\/strong>y<\/td>\n<\/tr>\n<tr>\n<td style=\"text-align: left;\"><strong><u>Jeudi 21 Mars<\/u>\u00a0:<\/strong><\/td>\n<td style=\"text-align: left;\"><strong><u>9h\u00a0:<\/u> Messe \u00e0 Cr\u00e9cy<\/strong><\/td>\n<\/tr>\n<tr>\n<td style=\"text-align: left;\"><strong><u>Vendredi 22 Mars<\/u>\u00a0:\u00a0 <\/strong><\/td>\n<td style=\"text-align: left;\"><strong><u>15h\u00a0:<\/u> Chemin de Croix \u00e0 Cr\u00e9cy<\/strong><\/td>\n<\/tr>\n<tr>\n<td><\/td>\n<td style=\"text-align: left;\"><strong><u>18h\u00a0: <\/u>\u00a0Messe \u00e0 Cr\u00e9cy suivie de l&rsquo;adoration du St Sacrement<\/strong><\/td>\n<\/tr>\n<tr>\n<td style=\"text-align: left;\"><strong><u>Samedi 23 Mars<\/u>\u00a0:<\/strong><\/td>\n<td style=\"text-align: left;\"><strong><u>18h30\u00a0:<\/u> Messe anticip\u00e9e des Rameaux \u00e0 Voulangis<\/strong><\/td>\n<\/tr>\n<tr>\n<td style=\"text-align: left;\"><strong><u>Dimanche 24 Mars<\/u>\u00a0: <\/strong><\/td>\n<td style=\"text-align: left;\"><strong>Dimanche des Rameaux<\/strong><\/td>\n<\/tr>\n<tr>\n<td style=\"text-align: left;\"><\/td>\n<td style=\"text-align: left;\"><strong><u>9h45\u00a0:<\/u> Rassemblement devant le caf\u00e9 \u00ab\u00a0Le Frenchy\u00a0\u00bb<\/strong>\n<strong><u>10h15<\/u> : D\u00e9part de la procession des Rameaux. B\u00e9n\u00e9diction des rameaux par notre \u00e9v\u00eaque auxiliaire de Meaux,\u00a0<b>Mgr Guillaume De Lisle, le P\u00e8re Fran\u00e7ois-Olivier et le P\u00e8re Antoine.<\/b><\/strong>\n<strong><u>10h30<\/u>\u00a0: Messe des Rameaux \u00e0 Cr\u00e9cy<\/strong><\/td>\n<\/tr>\n<\/tbody>\n<\/table>\n<!-- \/wp:post-content -->","protected":false},"excerpt":{"rendered":"<p>Samedi 16 Mars\u00a0: 9h00 &#8211; minuit\u00a0: journ\u00e9e du Pardon \u00e0 Meaux 10h00\u00a0: au presbyt\u00e8re, r\u00e9union de pr\u00e9paration de la procession des Rameaux du 24 Mars 2024 10h30\u00a0: m\u00e9nage \u00e0 l\u2019\u00e9glise st Pierre de Voulangis&#46;&#46;&#46;<\/p>\n","protected":false},"author":1,"featured_media":0,"comment_status":"closed","ping_status":"closed","sticky":false,"template":"","format":"standard","meta":{"footnotes":""},"categories":[2],"tags":[],"class_list":["post-1533","post","type-post","status-publish","format-standard","hentry","category-annonces"],"_links":{"self":[{"href":"https:\/\/www.chapelle-crecy.com\/index.php?rest_route=\/wp\/v2\/posts\/1533","targetHints":{"allow":["GET"]}}],"collection":[{"href":"https:\/\/www.chapelle-crecy.com\/index.php?rest_route=\/wp\/v2\/posts"}],"about":[{"href":"https:\/\/www.chapelle-crecy.com\/index.php?rest_route=\/wp\/v2\/types\/post"}],"author":[{"embeddable":true,"href":"https:\/\/www.chapelle-crecy.com\/index.php?rest_route=\/wp\/v2\/users\/1"}],"replies":[{"embeddable":true,"href":"https:\/\/www.chapelle-crecy.com\/index.php?rest_route=%2Fwp%2Fv2%2Fcomments&post=1533"}],"version-history":[{"count":9,"href":"https:\/\/www.chapelle-crecy.com\/index.php?rest_route=\/wp\/v2\/posts\/1533\/revisions"}],"predecessor-version":[{"id":1549,"href":"https:\/\/www.chapelle-crecy.com\/index.php?rest_route=\/wp\/v2\/posts\/1533\/revisions\/1549"}],"wp:attachment":[{"href":"https:\/\/www.chapelle-crecy.com\/index.php?rest_route=%2Fwp%2Fv2%2Fmedia&parent=1533"}],"wp:term":[{"taxonomy":"category","embeddable":true,"href":"https:\/\/www.chapelle-crecy.com\/index.php?rest_route=%2Fwp%2Fv2%2Fcategories&post=1533"},{"taxonomy":"post_tag","embeddable":true,"href":"https:\/\/www.chapelle-crecy.com\/index.php?rest_route=%2Fwp%2Fv2%2Ftags&post=1533"}],"curies":[{"name":"wp","href":"https:\/\/api.w.org\/{rel}","templated":true}]}}