{"id":1550,"date":"2024-03-26T18:43:55","date_gmt":"2024-03-26T17:43:55","guid":{"rendered":"https:\/\/www.chapelle-crecy.com\/?p=1550"},"modified":"2024-03-28T13:32:01","modified_gmt":"2024-03-28T12:32:01","slug":"annonces-du-lundi-25-au-dimanche-31-mars","status":"publish","type":"post","link":"https:\/\/www.chapelle-crecy.com\/?p=1550","title":{"rendered":"Annonces du lundi 25 au dimanche 31 mars"},"content":{"rendered":"<table>\n<tbody>\n<tr>\n<td style=\"text-align: left;\"><strong><u>Mercredi 27 Mars<\/u><\/strong> :<\/td>\n<td style=\"text-align: left;\"><strong><u>20h\u00a0:<\/u> Messe Chrismale \u00e0 la cath\u00e9drale de Meaux<\/strong><\/td>\n<\/tr>\n<tr>\n<td style=\"text-align: left;\"><strong><u>Jeudi 28 Mars<\/u>\u00a0:<\/strong><\/td>\n<td style=\"text-align: left;\"><strong><u>19h30\u00a0:<\/u> C\u00e9l\u00e9bration de la C\u00e8ne de notre Seigneur \u00e0 Cr\u00e9cy<\/strong><\/td>\n<\/tr>\n<tr>\n<td style=\"text-align: left;\"><strong><u>Vendredi 29 Mars<\/u>\u00a0:\u00a0 <\/strong><\/td>\n<td style=\"text-align: left;\"><strong><u>15h\u00a0:<\/u> Chemin de Croix \u00e0 Voulangis et Villiers<\/strong><\/td>\n<\/tr>\n<tr>\n<td>\u00a0<\/td>\n<td style=\"text-align: left;\"><strong><u>17h :<\/u> Chemin de Croix \u00e0 Cr\u00e9cy<\/strong><\/td>\n<\/tr>\n<tr>\n<td>\u00a0<\/td>\n<td style=\"text-align: left;\"><strong><u>19h30 :<\/u> C\u00e9l\u00e9bration de la Passion de notre Seigneur \u00e0 Cr\u00e9cy<\/strong><\/td>\n<\/tr>\n<tr>\n<td style=\"text-align: left;\"><strong><u>Samedi 30 Mars<\/u>\u00a0:<\/strong><\/td>\n<td style=\"text-align: left;\"><strong><u>20h30\u00a0:<\/u> A Cr\u00e9cy, feu pascal et Veill\u00e9e Pascale avec le bapt\u00eame de Constance et Albane<\/strong><\/td>\n<\/tr>\n<tr>\n<td style=\"text-align: left;\"><strong><u>Dimanche 31 Mars<\/u>\u00a0: <\/strong><\/td>\n<td style=\"text-align: left;\"><strong><u>11h : <\/u> Messe de la R\u00e9surrection de notre Seigneur, \u00e0 Villiers<br \/><\/strong><\/td>\n<\/tr>\n<tr>\n<td style=\"text-align: left;\">\u00a0<\/td>\n<td style=\"text-align: left;\"><strong>Mercredi, Jeudi et Vendredi Saint, des confessions individuelles sont possibles.<br \/>Veuillez contacter le p\u00e8re Antoine pour prendre rendez-vous.<\/strong><\/td>\n<\/tr>\n<\/tbody>\n<\/table>\n\n\n<figure class=\"wp-block-image size-large\"><img loading=\"lazy\" decoding=\"async\" width=\"1024\" height=\"617\" src=\"https:\/\/www.chapelle-crecy.com\/wp-content\/uploads\/2024\/03\/DSC_2659-1-1024x617.jpg\" alt=\"\" class=\"wp-image-1559\" srcset=\"https:\/\/www.chapelle-crecy.com\/wp-content\/uploads\/2024\/03\/DSC_2659-1-1024x617.jpg 1024w, https:\/\/www.chapelle-crecy.com\/wp-content\/uploads\/2024\/03\/DSC_2659-1-300x181.jpg 300w, https:\/\/www.chapelle-crecy.com\/wp-content\/uploads\/2024\/03\/DSC_2659-1-768x463.jpg 768w, https:\/\/www.chapelle-crecy.com\/wp-content\/uploads\/2024\/03\/DSC_2659-1-1536x926.jpg 1536w, https:\/\/www.chapelle-crecy.com\/wp-content\/uploads\/2024\/03\/DSC_2659-1-2048x1234.jpg 2048w\" sizes=\"auto, (max-width: 1024px) 100vw, 1024px\" \/><\/figure>\n","protected":false},"excerpt":{"rendered":"<p>Mercredi 27 Mars : 20h\u00a0: Messe Chrismale \u00e0 la cath\u00e9drale de Meaux Jeudi 28 Mars\u00a0: 19h30\u00a0: C\u00e9l\u00e9bration de la C\u00e8ne de notre Seigneur \u00e0 Cr\u00e9cy Vendredi 29 Mars\u00a0:\u00a0 15h\u00a0: Chemin de Croix \u00e0 Voulangis&#46;&#46;&#46;<\/p>\n","protected":false},"author":1,"featured_media":0,"comment_status":"open","ping_status":"open","sticky":false,"template":"","format":"standard","meta":{"footnotes":""},"categories":[2],"tags":[],"class_list":["post-1550","post","type-post","status-publish","format-standard","hentry","category-annonces"],"_links":{"self":[{"href":"https:\/\/www.chapelle-crecy.com\/index.php?rest_route=\/wp\/v2\/posts\/1550","targetHints":{"allow":["GET"]}}],"collection":[{"href":"https:\/\/www.chapelle-crecy.com\/index.php?rest_route=\/wp\/v2\/posts"}],"about":[{"href":"https:\/\/www.chapelle-crecy.com\/index.php?rest_route=\/wp\/v2\/types\/post"}],"author":[{"embeddable":true,"href":"https:\/\/www.chapelle-crecy.com\/index.php?rest_route=\/wp\/v2\/users\/1"}],"replies":[{"embeddable":true,"href":"https:\/\/www.chapelle-crecy.com\/index.php?rest_route=%2Fwp%2Fv2%2Fcomments&post=1550"}],"version-history":[{"count":4,"href":"https:\/\/www.chapelle-crecy.com\/index.php?rest_route=\/wp\/v2\/posts\/1550\/revisions"}],"predecessor-version":[{"id":1572,"href":"https:\/\/www.chapelle-crecy.com\/index.php?rest_route=\/wp\/v2\/posts\/1550\/revisions\/1572"}],"wp:attachment":[{"href":"https:\/\/www.chapelle-crecy.com\/index.php?rest_route=%2Fwp%2Fv2%2Fmedia&parent=1550"}],"wp:term":[{"taxonomy":"category","embeddable":true,"href":"https:\/\/www.chapelle-crecy.com\/index.php?rest_route=%2Fwp%2Fv2%2Fcategories&post=1550"},{"taxonomy":"post_tag","embeddable":true,"href":"https:\/\/www.chapelle-crecy.com\/index.php?rest_route=%2Fwp%2Fv2%2Ftags&post=1550"}],"curies":[{"name":"wp","href":"https:\/\/api.w.org\/{rel}","templated":true}]}}