{"id":1573,"date":"2024-04-03T09:09:55","date_gmt":"2024-04-03T07:09:55","guid":{"rendered":"https:\/\/www.chapelle-crecy.com\/?p=1573"},"modified":"2024-04-06T13:12:19","modified_gmt":"2024-04-06T11:12:19","slug":"annonces-du-lundi-1er-au-dimanche-7-avril","status":"publish","type":"post","link":"https:\/\/www.chapelle-crecy.com\/?p=1573","title":{"rendered":"Annonces du lundi 1er au dimanche 7 avril"},"content":{"rendered":"<table>\n<tbody>\n<tr>\n<td style=\"text-align: left;\" width=\"20%\"><strong><u>Jeudi 4 Avril<\/u>\u00a0:<\/strong><\/td>\n<td style=\"text-align: left;\"><strong><u>9h00\u00a0:<\/u> Messe \u00e0 St Georges \u00e0 Cr\u00e9cy<\/strong><\/td>\n<\/tr>\n<tr>\n<td><\/td>\n<td style=\"text-align: left;\"><strong><u>14h45 :<\/u> Obs\u00e8ques de Christine Cabaret \u00e0 St Georges \u00e0 Cr\u00e9cy<\/strong><\/td>\n<\/tr>\n<tr>\n<td style=\"text-align: left;\"><strong><u>Vendredi 5 avril<\/u>\u00a0:\u00a0 <\/strong><\/td>\n<td style=\"text-align: left;\"><strong><u>18h\u00a0:<\/u> Messe \u00e0 la chapelle de la Vierge \u00e0 St Georges \u00e0 Cr\u00e9cy, suivie de l&rsquo;adoration du St Sacrement<\/strong><\/td>\n<\/tr>\n<tr>\n<td style=\"text-align: left;\"><strong><u>Samedi 6 avril<\/u>\u00a0:<\/strong><\/td>\n<td style=\"text-align: left;\"><strong><u>10h30\u00a0:<\/u> Bapt\u00eame de\u00a0Daryl DARIAS-VERA \u00e0 Cr\u00e9cy.<\/strong><\/td>\n<\/tr>\n<tr>\n<td style=\"text-align: left;\"><\/td>\n<td style=\"text-align: left;\"><strong><u>18h30\u00a0:<\/u> Messe anticip\u00e9e \u00e0 Villiers.<\/strong><\/td>\n<\/tr>\n<tr>\n<td style=\"text-align: left;\"><strong><u>Dimanche 7 avril<\/u>\u00a0:<\/strong><\/td>\n<td style=\"text-align: left;\"><strong><u>10h30 :<\/u> Messe \u00e0 St Georges \u00e0 Cr\u00e9cy suivi d&rsquo;un repas partag\u00e9 \u00e0 la salle paroissiale. Cette messe sera dite pour Fran\u00e7oise Vaczlavik, d\u00e9c\u00e9d\u00e9e il y a 3 ans (d\u00e9j\u00e0) et dont la petite fille Albane a re\u00e7u les 3 sacrements de l&rsquo;initiation chr\u00e9tienne (bapt\u00eame, communion et confirmation) lors de la Vigile Pascale, samedi dernier.<br \/>\n<\/strong><\/td>\n<\/tr>\n<tr>\n<td style=\"text-align: left;\"><\/td>\n<td style=\"text-align: left;\"><strong>Bapt\u00eame de\u00a0Emma CUNHA.<\/strong><\/td>\n<\/tr>\n<\/tbody>\n<\/table>\n","protected":false},"excerpt":{"rendered":"<p>Jeudi 4 Avril\u00a0: 9h00\u00a0: Messe \u00e0 St Georges \u00e0 Cr\u00e9cy 14h45 : Obs\u00e8ques de Christine Cabaret \u00e0 St Georges \u00e0 Cr\u00e9cy Vendredi 5 avril\u00a0:\u00a0 18h\u00a0: Messe \u00e0 la chapelle de la Vierge \u00e0 St&#46;&#46;&#46;<\/p>\n","protected":false},"author":1,"featured_media":0,"comment_status":"open","ping_status":"closed","sticky":false,"template":"","format":"standard","meta":{"footnotes":""},"categories":[2],"tags":[],"class_list":["post-1573","post","type-post","status-publish","format-standard","hentry","category-annonces"],"_links":{"self":[{"href":"https:\/\/www.chapelle-crecy.com\/index.php?rest_route=\/wp\/v2\/posts\/1573","targetHints":{"allow":["GET"]}}],"collection":[{"href":"https:\/\/www.chapelle-crecy.com\/index.php?rest_route=\/wp\/v2\/posts"}],"about":[{"href":"https:\/\/www.chapelle-crecy.com\/index.php?rest_route=\/wp\/v2\/types\/post"}],"author":[{"embeddable":true,"href":"https:\/\/www.chapelle-crecy.com\/index.php?rest_route=\/wp\/v2\/users\/1"}],"replies":[{"embeddable":true,"href":"https:\/\/www.chapelle-crecy.com\/index.php?rest_route=%2Fwp%2Fv2%2Fcomments&post=1573"}],"version-history":[{"count":8,"href":"https:\/\/www.chapelle-crecy.com\/index.php?rest_route=\/wp\/v2\/posts\/1573\/revisions"}],"predecessor-version":[{"id":1583,"href":"https:\/\/www.chapelle-crecy.com\/index.php?rest_route=\/wp\/v2\/posts\/1573\/revisions\/1583"}],"wp:attachment":[{"href":"https:\/\/www.chapelle-crecy.com\/index.php?rest_route=%2Fwp%2Fv2%2Fmedia&parent=1573"}],"wp:term":[{"taxonomy":"category","embeddable":true,"href":"https:\/\/www.chapelle-crecy.com\/index.php?rest_route=%2Fwp%2Fv2%2Fcategories&post=1573"},{"taxonomy":"post_tag","embeddable":true,"href":"https:\/\/www.chapelle-crecy.com\/index.php?rest_route=%2Fwp%2Fv2%2Ftags&post=1573"}],"curies":[{"name":"wp","href":"https:\/\/api.w.org\/{rel}","templated":true}]}}