{"id":1621,"date":"2024-05-27T11:34:32","date_gmt":"2024-05-27T09:34:32","guid":{"rendered":"https:\/\/www.chapelle-crecy.com\/?p=1621"},"modified":"2024-05-29T11:56:48","modified_gmt":"2024-05-29T09:56:48","slug":"les-200-ans-de-leglise-de-voulangis","status":"publish","type":"post","link":"https:\/\/www.chapelle-crecy.com\/?p=1621","title":{"rendered":"Les 200 ans de l&rsquo;\u00e9glise de Voulangis"},"content":{"rendered":"<p>Le point d&rsquo;orgue de l&rsquo;anniversaire de la d\u00e9dicace de l&rsquo;\u00e9glise Saint-Pierre aura lieu samedi 1er juin.<\/p>\n\n\n<div align=\"center\"><img decoding=\"async\" src=\"https:\/\/www.chapelle-crecy.com\/wp-content\/uploads\/2024\/05\/AFF-v4-724x1024.jpg\" alt=\"\" class=\"wp-image-1622\"\/><\/div>\n","protected":false},"excerpt":{"rendered":"<p>Le point d&rsquo;orgue de l&rsquo;anniversaire de la d\u00e9dicace de l&rsquo;\u00e9glise Saint-Pierre aura lieu samedi 1er juin.<\/p>\n","protected":false},"author":1,"featured_media":0,"comment_status":"closed","ping_status":"closed","sticky":false,"template":"","format":"standard","meta":{"footnotes":""},"categories":[4],"tags":[],"class_list":["post-1621","post","type-post","status-publish","format-standard","hentry","category-evenements"],"_links":{"self":[{"href":"https:\/\/www.chapelle-crecy.com\/index.php?rest_route=\/wp\/v2\/posts\/1621","targetHints":{"allow":["GET"]}}],"collection":[{"href":"https:\/\/www.chapelle-crecy.com\/index.php?rest_route=\/wp\/v2\/posts"}],"about":[{"href":"https:\/\/www.chapelle-crecy.com\/index.php?rest_route=\/wp\/v2\/types\/post"}],"author":[{"embeddable":true,"href":"https:\/\/www.chapelle-crecy.com\/index.php?rest_route=\/wp\/v2\/users\/1"}],"replies":[{"embeddable":true,"href":"https:\/\/www.chapelle-crecy.com\/index.php?rest_route=%2Fwp%2Fv2%2Fcomments&post=1621"}],"version-history":[{"count":3,"href":"https:\/\/www.chapelle-crecy.com\/index.php?rest_route=\/wp\/v2\/posts\/1621\/revisions"}],"predecessor-version":[{"id":1632,"href":"https:\/\/www.chapelle-crecy.com\/index.php?rest_route=\/wp\/v2\/posts\/1621\/revisions\/1632"}],"wp:attachment":[{"href":"https:\/\/www.chapelle-crecy.com\/index.php?rest_route=%2Fwp%2Fv2%2Fmedia&parent=1621"}],"wp:term":[{"taxonomy":"category","embeddable":true,"href":"https:\/\/www.chapelle-crecy.com\/index.php?rest_route=%2Fwp%2Fv2%2Fcategories&post=1621"},{"taxonomy":"post_tag","embeddable":true,"href":"https:\/\/www.chapelle-crecy.com\/index.php?rest_route=%2Fwp%2Fv2%2Ftags&post=1621"}],"curies":[{"name":"wp","href":"https:\/\/api.w.org\/{rel}","templated":true}]}}