{"id":1637,"date":"2024-06-02T13:34:39","date_gmt":"2024-06-02T11:34:39","guid":{"rendered":"https:\/\/www.chapelle-crecy.com\/?p=1637"},"modified":"2024-06-02T13:40:42","modified_gmt":"2024-06-02T11:40:42","slug":"annonces-du-lundi-3-au-dimanche-9-juin-2024","status":"publish","type":"post","link":"https:\/\/www.chapelle-crecy.com\/?p=1637","title":{"rendered":"Annonces du lundi 3 au dimanche 9 juin 2024"},"content":{"rendered":"<table>\n<tbody>\n<tr>\n<td style=\"text-align: left;\" width=\"20%\"><strong><u>Lundi 3 juin<\/u>\u00a0:<\/strong><\/td>\n<td style=\"text-align: left;\"><strong><u>14h30\u00a0:<\/u> Le Rosaire au presbyt\u00e8re<\/strong><\/td>\n<\/tr>\n<tr>\n<td style=\"text-align: left;\" width=\"20%\"><strong><u>Mardi 4 juin<\/u>\u00a0:<\/strong><\/td>\n<td style=\"text-align: left;\"><strong><u>9h00\u00a0:<\/u> Messe \u00e0 St Georges \u00e0 Cr\u00e9cy<\/strong><\/td>\n<\/tr>\n<tr>\n<td><\/td>\n<td style=\"text-align: left;\"><strong><u>18h30\u00a0:<\/u> R\u00e9p\u00e9tition de la Chorale \u00e0 l\u2019\u00e9glise St Georges.<\/strong><\/td>\n<\/tr>\n<tr>\n<td style=\"text-align: left;\"><strong><u>Jeudi 6 juin\u00a0:<\/u><\/strong><\/td>\n<td style=\"text-align: left;\"><strong><u>9h\u00a0:<\/u> Messe \u00e0 Cr\u00e9cy.<\/strong><\/td>\n<\/tr>\n<tr>\n<td style=\"text-align: left;\"><strong><u>Vendredi 7 juin<\/u> :\u00a0\u00a0<\/strong><\/td>\n<td style=\"text-align: left;\"><strong><u>18h :<\/u> Messe \u00e0 Cr\u00e9cy, suivie de l&rsquo;adoration du St Sacrement<\/u><\/strong><\/td>\n<\/tr>\n<tr>\n<td style=\"text-align: left;\"><strong><u>Samedi 8 juin<\/u> :<\/td>\n<td style=\"text-align: left;\"><strong><u>10h30 :<\/u> Bapt\u00eame de Tony ANGELO \u00e0 Villiers.<\/strong><\/td>\n<\/tr>\n<tr>\n<td><\/td>\n<td style=\"text-align: left;\"><strong><u>14h :<\/u> Mariage de Brice MARGUERIE ET Margot LOCARD \u00e0 La Coll\u00e9giale.<br \/>\n<u>16h :<\/u> Mariage Tom DESAINT et Nolwenn BOISSOT \u00e0 La Coll\u00e9giale.<br \/>\n<u>18h30 :<\/u> Messe \u00e0 Voulangis.<\/strong><\/td>\n<\/tr>\n<tr>\n<td style=\"text-align: left;\"><strong><u>Dimanche 9 juin<\/u> :<\/td>\n<td style=\"text-align: left;\"><strong><u>10h30 : <\/u>Messe \u00e0 La Coll\u00e9giale par Notre Cur\u00e9 de P\u00f4le Thierry Leroy.<\/strong><\/td>\n<\/tr>\n<tr>\n<td style=\"text-align: left;\"><\/td>\n<td style=\"text-align: left;\"><strong>Bapt\u00eames de Ohana CARLIER et de Ma\u00ebl DUMUR-NOIREAUT.<br \/>\nUn verre de l\u2019amiti\u00e9 vous sera propos\u00e9 autour du P\u00e8re Thierry Leroy<br \/>\npour le remercier de son service au sein de notre paroisse durant ces 10 ann\u00e9es.<br \/>\n<\/strong><\/td>\n<\/tr>\n<\/tbody>\n<\/table>\n","protected":false},"excerpt":{"rendered":"<p>Lundi 3 juin\u00a0: 14h30\u00a0: Le Rosaire au presbyt\u00e8re Mardi 4 juin\u00a0: 9h00\u00a0: Messe \u00e0 St Georges \u00e0 Cr\u00e9cy 18h30\u00a0: R\u00e9p\u00e9tition de la Chorale \u00e0 l\u2019\u00e9glise St Georges. Jeudi 6 juin\u00a0: 9h\u00a0: Messe \u00e0 Cr\u00e9cy.&#46;&#46;&#46;<\/p>\n","protected":false},"author":1,"featured_media":0,"comment_status":"open","ping_status":"open","sticky":false,"template":"","format":"standard","meta":{"footnotes":""},"categories":[2],"tags":[],"class_list":["post-1637","post","type-post","status-publish","format-standard","hentry","category-annonces"],"_links":{"self":[{"href":"https:\/\/www.chapelle-crecy.com\/index.php?rest_route=\/wp\/v2\/posts\/1637","targetHints":{"allow":["GET"]}}],"collection":[{"href":"https:\/\/www.chapelle-crecy.com\/index.php?rest_route=\/wp\/v2\/posts"}],"about":[{"href":"https:\/\/www.chapelle-crecy.com\/index.php?rest_route=\/wp\/v2\/types\/post"}],"author":[{"embeddable":true,"href":"https:\/\/www.chapelle-crecy.com\/index.php?rest_route=\/wp\/v2\/users\/1"}],"replies":[{"embeddable":true,"href":"https:\/\/www.chapelle-crecy.com\/index.php?rest_route=%2Fwp%2Fv2%2Fcomments&post=1637"}],"version-history":[{"count":5,"href":"https:\/\/www.chapelle-crecy.com\/index.php?rest_route=\/wp\/v2\/posts\/1637\/revisions"}],"predecessor-version":[{"id":1643,"href":"https:\/\/www.chapelle-crecy.com\/index.php?rest_route=\/wp\/v2\/posts\/1637\/revisions\/1643"}],"wp:attachment":[{"href":"https:\/\/www.chapelle-crecy.com\/index.php?rest_route=%2Fwp%2Fv2%2Fmedia&parent=1637"}],"wp:term":[{"taxonomy":"category","embeddable":true,"href":"https:\/\/www.chapelle-crecy.com\/index.php?rest_route=%2Fwp%2Fv2%2Fcategories&post=1637"},{"taxonomy":"post_tag","embeddable":true,"href":"https:\/\/www.chapelle-crecy.com\/index.php?rest_route=%2Fwp%2Fv2%2Ftags&post=1637"}],"curies":[{"name":"wp","href":"https:\/\/api.w.org\/{rel}","templated":true}]}}