{"id":1649,"date":"2024-06-16T12:00:00","date_gmt":"2024-06-16T10:00:00","guid":{"rendered":"https:\/\/www.chapelle-crecy.com\/?p=1649"},"modified":"2024-06-22T14:55:53","modified_gmt":"2024-06-22T12:55:53","slug":"annonces-du-lundi-17-au-dimanche-23-juin-2024","status":"publish","type":"post","link":"https:\/\/www.chapelle-crecy.com\/?p=1649","title":{"rendered":"Annonces du lundi 17 au dimanche 23 juin 2024"},"content":{"rendered":"<table>\n<tbody>\n<tr>\n<td style=\"text-align: left;\" width=\"20%\"><strong><u>Mardi 18 juin<\/u>\u00a0:<\/strong><\/td>\n<td style=\"text-align: left;\"><strong><u>9h :<\/u> Messe \u00e0 Cr\u00e9cy<\/strong><\/td>\n<\/tr>\n<tr>\n<td><\/td>\n<td style=\"text-align: left;\"><strong><u>18h30 :<\/u> R\u00e9p\u00e9tition de la Chorale \u00e0 l\u2019\u00e9glise St Georges<\/strong><\/td>\n<\/tr>\n<tr>\n<td style=\"text-align: left;\"><strong><u>Jeudi 20 juin\u00a0:<\/u><\/strong><\/td>\n<td style=\"text-align: left;\"><strong><u>9h\u00a0:<\/u> Messe \u00e0 Cr\u00e9cy.<\/strong><\/td>\n<\/tr>\n<tr>\n<td style=\"text-align: left;\"><strong><u>Vendredi 21 juin<\/u> :\u00a0\u00a0<\/strong><\/td>\n<td style=\"text-align: left;\"><strong><u>18h :<\/u> Messe \u00e0 Cr\u00e9cy, suivie de l&rsquo;adoration du St Sacrement<\/strong><\/td>\n<\/tr>\n<tr>\n<td style=\"text-align: left;\"><strong><u>Samedi 22 juin<\/u> :<\/strong><\/td>\n<td style=\"text-align: left;\"><strong><u>10h30 :<\/u> Bapt\u00eame de Kylian MARQUES et de Ma\u00eb BOUCAUT \u00e0 Villiers Sur Morin<\/strong><\/td>\n<\/tr>\n<tr>\n<td><\/td>\n<td style=\"text-align: left;\"><strong><u>18h30 :<\/u> Messe \u00e0 Voulangis pour Jacqueline REISLER inhum\u00e9e cette semaine.<\/strong><\/td>\n<\/tr>\n<tr>\n<td style=\"text-align: left;\"><strong><u>Dimanche 23 juin<\/u> :<\/strong><\/td>\n<td style=\"text-align: left;\"><strong><u>10h30 : <\/u>Messe \u00e0 La Coll\u00e9giale pour Mme LOUIS demand\u00e9e par le Rosaire. <\/strong><br \/>\n<strong>Messe pour Jacques POIRET inhum\u00e9 cette semaine.<\/strong><\/td>\n<\/tr>\n<\/tbody>\n<\/table>\n","protected":false},"excerpt":{"rendered":"<p>Mardi 18 juin\u00a0: 9h : Messe \u00e0 Cr\u00e9cy 18h30 : R\u00e9p\u00e9tition de la Chorale \u00e0 l\u2019\u00e9glise St Georges Jeudi 20 juin\u00a0: 9h\u00a0: Messe \u00e0 Cr\u00e9cy. Vendredi 21 juin :\u00a0\u00a0 18h : Messe \u00e0 Cr\u00e9cy,&#46;&#46;&#46;<\/p>\n","protected":false},"author":1,"featured_media":0,"comment_status":"open","ping_status":"open","sticky":false,"template":"","format":"standard","meta":{"footnotes":""},"categories":[2],"tags":[],"class_list":["post-1649","post","type-post","status-publish","format-standard","hentry","category-annonces"],"_links":{"self":[{"href":"https:\/\/www.chapelle-crecy.com\/index.php?rest_route=\/wp\/v2\/posts\/1649","targetHints":{"allow":["GET"]}}],"collection":[{"href":"https:\/\/www.chapelle-crecy.com\/index.php?rest_route=\/wp\/v2\/posts"}],"about":[{"href":"https:\/\/www.chapelle-crecy.com\/index.php?rest_route=\/wp\/v2\/types\/post"}],"author":[{"embeddable":true,"href":"https:\/\/www.chapelle-crecy.com\/index.php?rest_route=\/wp\/v2\/users\/1"}],"replies":[{"embeddable":true,"href":"https:\/\/www.chapelle-crecy.com\/index.php?rest_route=%2Fwp%2Fv2%2Fcomments&post=1649"}],"version-history":[{"count":4,"href":"https:\/\/www.chapelle-crecy.com\/index.php?rest_route=\/wp\/v2\/posts\/1649\/revisions"}],"predecessor-version":[{"id":1655,"href":"https:\/\/www.chapelle-crecy.com\/index.php?rest_route=\/wp\/v2\/posts\/1649\/revisions\/1655"}],"wp:attachment":[{"href":"https:\/\/www.chapelle-crecy.com\/index.php?rest_route=%2Fwp%2Fv2%2Fmedia&parent=1649"}],"wp:term":[{"taxonomy":"category","embeddable":true,"href":"https:\/\/www.chapelle-crecy.com\/index.php?rest_route=%2Fwp%2Fv2%2Fcategories&post=1649"},{"taxonomy":"post_tag","embeddable":true,"href":"https:\/\/www.chapelle-crecy.com\/index.php?rest_route=%2Fwp%2Fv2%2Ftags&post=1649"}],"curies":[{"name":"wp","href":"https:\/\/api.w.org\/{rel}","templated":true}]}}