{"id":1656,"date":"2024-06-24T14:05:52","date_gmt":"2024-06-24T12:05:52","guid":{"rendered":"https:\/\/www.chapelle-crecy.com\/?p=1656"},"modified":"2024-06-24T14:07:22","modified_gmt":"2024-06-24T12:07:22","slug":"annonces-du-lundi-24-au-dimanche-30-juin-2024","status":"publish","type":"post","link":"https:\/\/www.chapelle-crecy.com\/?p=1656","title":{"rendered":"Annonces du lundi 24 au dimanche 30 juin 2024"},"content":{"rendered":"<table>\n<tbody>\n<tr>\n<td style=\"text-align: left;\" width=\"20%\"><strong><u>Lundi 24 juin<\/u>\u00a0:<\/strong><\/td>\n<td style=\"text-align: left;\"><strong><u>15h00\u00a0:<\/u> Messe \u00e0 la maison de retraite de Cr\u00e9cy<\/strong><\/td>\n<\/tr>\n<tr>\n<td style=\"text-align: left;\" width=\"20%\"><strong><u>Mardi 25 juin<\/u>\u00a0:<\/strong><\/td>\n<td style=\"text-align: left;\"><strong><u>9h00\u00a0:<\/u> Messe \u00e0 St Georges \u00e0 Cr\u00e9cy<\/strong><\/td>\n<\/tr>\n<tr>\n<td style=\"text-align: left;\" width=\"20%\"><\/td>\n<td style=\"text-align: left;\"><strong><u>15h30\u00a0:<\/u> Obs\u00e8ques de Mme Brigitte PIGEON \u00e0 l\u2019\u00e9glise St Georges<\/strong><\/td>\n<\/tr>\n<tr>\n<td style=\"text-align: left;\"><strong><u>Jeudi 27 juin\u00a0:<\/u><\/strong><\/td>\n<td style=\"text-align: left;\"><strong><u>9h\u00a0:<\/u> Messe \u00e0 Cr\u00e9cy.<\/strong><\/td>\n<\/tr>\n<tr>\n<td style=\"text-align: left;\"><strong><u>Vendredi 28 juin<\/u> :\u00a0\u00a0<\/strong><\/td>\n<td style=\"text-align: left;\"><strong><u>18h :<\/u> Messe \u00e0 Cr\u00e9cy, suivie de l&rsquo;adoration du St Sacrement<\/u><\/strong><\/td>\n<\/tr>\n<tr>\n<td style=\"text-align: left;\"><strong><\/strong><\/td>\n<td style=\"text-align: left;\"><strong>Ouverture de La Coll\u00e9giale pour la Nuit des \u00e9glises de 18h \u00e0 23h<\/strong><\/td>\n<\/tr>\n<tr>\n<td style=\"text-align: left;\"><strong><u>Samedi 29 juin<\/u> :<\/td>\n<td style=\"text-align: left;\"><strong><u>15h30 :<\/u>Mariage de Francisco FERREIRA DIAS et Marion BOUVIER \u00e0 La Coll\u00e9giale.<\/strong><\/td>\n<\/tr>\n<tr>\n<td><\/td>\n<td style=\"text-align: left;\"><strong><u>18h30 :<\/u> Messe \u00e0 ST GEORGES CRECY LA CHAPELLE<\/strong><\/td>\n<\/tr>\n<tr>\n<td><\/td>\n<td style=\"text-align: left;\"><strong><u>19h30 :<\/u> Barbecue paroissial dans les jardins du presbyt\u00e8re<\/strong><\/td>\n<\/tr>\n<tr>\n<td style=\"text-align: left;\"><strong><u>Dimanche 30 juin<\/u> :<\/td>\n<td style=\"text-align: left;\"><strong><u>10h30 : <\/u>Messe \u00e0 La Coll\u00e9giale pour Mme Brigitte PIGEON inhum\u00e9e cette semaine<\/strong><\/td>\n<\/tr>\n<\/tbody>\n<\/table>\n","protected":false},"excerpt":{"rendered":"<p>Lundi 24 juin\u00a0: 15h00\u00a0: Messe \u00e0 la maison de retraite de Cr\u00e9cy Mardi 25 juin\u00a0: 9h00\u00a0: Messe \u00e0 St Georges \u00e0 Cr\u00e9cy 15h30\u00a0: Obs\u00e8ques de Mme Brigitte PIGEON \u00e0 l\u2019\u00e9glise St Georges Jeudi 27&#46;&#46;&#46;<\/p>\n","protected":false},"author":1,"featured_media":0,"comment_status":"closed","ping_status":"closed","sticky":false,"template":"","format":"standard","meta":{"footnotes":""},"categories":[2],"tags":[],"class_list":["post-1656","post","type-post","status-publish","format-standard","hentry","category-annonces"],"_links":{"self":[{"href":"https:\/\/www.chapelle-crecy.com\/index.php?rest_route=\/wp\/v2\/posts\/1656","targetHints":{"allow":["GET"]}}],"collection":[{"href":"https:\/\/www.chapelle-crecy.com\/index.php?rest_route=\/wp\/v2\/posts"}],"about":[{"href":"https:\/\/www.chapelle-crecy.com\/index.php?rest_route=\/wp\/v2\/types\/post"}],"author":[{"embeddable":true,"href":"https:\/\/www.chapelle-crecy.com\/index.php?rest_route=\/wp\/v2\/users\/1"}],"replies":[{"embeddable":true,"href":"https:\/\/www.chapelle-crecy.com\/index.php?rest_route=%2Fwp%2Fv2%2Fcomments&post=1656"}],"version-history":[{"count":3,"href":"https:\/\/www.chapelle-crecy.com\/index.php?rest_route=\/wp\/v2\/posts\/1656\/revisions"}],"predecessor-version":[{"id":1659,"href":"https:\/\/www.chapelle-crecy.com\/index.php?rest_route=\/wp\/v2\/posts\/1656\/revisions\/1659"}],"wp:attachment":[{"href":"https:\/\/www.chapelle-crecy.com\/index.php?rest_route=%2Fwp%2Fv2%2Fmedia&parent=1656"}],"wp:term":[{"taxonomy":"category","embeddable":true,"href":"https:\/\/www.chapelle-crecy.com\/index.php?rest_route=%2Fwp%2Fv2%2Fcategories&post=1656"},{"taxonomy":"post_tag","embeddable":true,"href":"https:\/\/www.chapelle-crecy.com\/index.php?rest_route=%2Fwp%2Fv2%2Ftags&post=1656"}],"curies":[{"name":"wp","href":"https:\/\/api.w.org\/{rel}","templated":true}]}}