{"id":1701,"date":"2024-08-31T10:38:40","date_gmt":"2024-08-31T08:38:40","guid":{"rendered":"https:\/\/www.chapelle-crecy.com\/?p=1701"},"modified":"2024-08-31T10:42:23","modified_gmt":"2024-08-31T08:42:23","slug":"annonces-du-samedi-31-aout-au-dimanche-8-septembre","status":"publish","type":"post","link":"https:\/\/www.chapelle-crecy.com\/?p=1701","title":{"rendered":"Annonces du samedi 31 aout au dimanche 8 septembre"},"content":{"rendered":"<table>\n<tbody>\n<tr>\n<td style=\"text-align: left\"width=350><strong><u>Samedi 31 aout <\/u> :<\/strong><\/td>\n<td style=\"text-align: left;\"><strong><u>15h30 :<\/u> Mariage de Souria RAMASSAMY et de Geoffrey RICHOUX \u00e0 La Coll\u00e9giale.<\/strong><\/td>\n<\/tr>\n<tr>\n<td style=\"text-align: left;\"><strong><u>Dimanche 1er septembre<\/u> :<\/strong><\/td>\n<td style=\"text-align: left;\"><strong><strong><u>10h30 : <\/u>Messe \u00e0 La Coll\u00e9giale ND de l\u2019Assomption de Cr\u00e9cy.<br \/>\nBapt\u00eame de Timoth\u00e9e MAURER.<\/strong><\/strong><\/p>\n<p style=\"color: #ff0000;\">INSCRIPTION AU CATECHISME ET A L\u2019AUMONERIE AU FORUM DES ASSOCIATIONS AU GYMNASE DE CRECY-LA-CHAPELLE.<\/p>\n<\/td>\n<\/tr>\n<tr>\n<td style=\"text-align: left;\"><strong><u>Mardi 3 septembre\u00a0:<\/u><\/strong><\/td>\n<td style=\"text-align: left;\"><strong><u>9h :<\/u> Messe \u00e0 Cr\u00e9cy<\/strong><\/td>\n<\/tr>\n<tr>\n<td style=\"text-align: left;\"><strong><u>Jeudi 5 septembre\u00a0:<\/u><\/strong><\/td>\n<td style=\"text-align: left;\"><strong><u>9h :<\/u> Messe \u00e0 Cr\u00e9cy<\/strong><\/td>\n<\/tr>\n<tr>\n<td style=\"text-align: left;\"><strong><u>Vendredi 6 septembre<\/u> :\u00a0\u00a0<\/strong><\/td>\n<td style=\"text-align: left;\"><strong><u>18h :<\/u> Messe \u00e0 Cr\u00e9cy, suivie de l&rsquo;adoration du St Sacrement<\/strong><\/td>\n<\/tr>\n<tr>\n<td style=\"text-align: left;\"><strong><u>Samedi 7 septembre <\/u> :<\/strong><\/td>\n<td style=\"text-align: left;\"><strong><u>14h30 :<\/u> Mariage d&rsquo;Alexandra PAVAN et Mathieu JOLY \u00e0 La Coll\u00e9giale Notre-Dame de l&rsquo;Assomption.<br \/>\n<u>18h30 :<\/u> Messe \u00e0 Villiers-Sur-Morin.<\/strong><\/td>\n<\/tr>\n<tr>\n<td style=\"text-align: left;\"><strong><u>Dimanche 8 septembre<\/u> :<\/strong><\/td>\n<td style=\"text-align: left;\"><strong><u>10h30 : <\/u>Messe \u00e0 La Coll\u00e9giale ND de l\u2019Assomption de Cr\u00e9cy.<br \/>\nBapt\u00eame d&rsquo;Ella BENVENUTI.<\/strong><\/td>\n<\/tr>\n<\/tbody>\n<\/table>\n","protected":false},"excerpt":{"rendered":"<p>Samedi 31 aout : 15h30 : Mariage de Souria RAMASSAMY et de Geoffrey RICHOUX \u00e0 La Coll\u00e9giale. Dimanche 1er septembre : 10h30 : Messe \u00e0 La Coll\u00e9giale ND de l\u2019Assomption de Cr\u00e9cy. Bapt\u00eame de&#46;&#46;&#46;<\/p>\n","protected":false},"author":1,"featured_media":0,"comment_status":"open","ping_status":"open","sticky":false,"template":"","format":"standard","meta":{"footnotes":""},"categories":[2],"tags":[],"class_list":["post-1701","post","type-post","status-publish","format-standard","hentry","category-annonces"],"_links":{"self":[{"href":"https:\/\/www.chapelle-crecy.com\/index.php?rest_route=\/wp\/v2\/posts\/1701","targetHints":{"allow":["GET"]}}],"collection":[{"href":"https:\/\/www.chapelle-crecy.com\/index.php?rest_route=\/wp\/v2\/posts"}],"about":[{"href":"https:\/\/www.chapelle-crecy.com\/index.php?rest_route=\/wp\/v2\/types\/post"}],"author":[{"embeddable":true,"href":"https:\/\/www.chapelle-crecy.com\/index.php?rest_route=\/wp\/v2\/users\/1"}],"replies":[{"embeddable":true,"href":"https:\/\/www.chapelle-crecy.com\/index.php?rest_route=%2Fwp%2Fv2%2Fcomments&post=1701"}],"version-history":[{"count":5,"href":"https:\/\/www.chapelle-crecy.com\/index.php?rest_route=\/wp\/v2\/posts\/1701\/revisions"}],"predecessor-version":[{"id":1707,"href":"https:\/\/www.chapelle-crecy.com\/index.php?rest_route=\/wp\/v2\/posts\/1701\/revisions\/1707"}],"wp:attachment":[{"href":"https:\/\/www.chapelle-crecy.com\/index.php?rest_route=%2Fwp%2Fv2%2Fmedia&parent=1701"}],"wp:term":[{"taxonomy":"category","embeddable":true,"href":"https:\/\/www.chapelle-crecy.com\/index.php?rest_route=%2Fwp%2Fv2%2Fcategories&post=1701"},{"taxonomy":"post_tag","embeddable":true,"href":"https:\/\/www.chapelle-crecy.com\/index.php?rest_route=%2Fwp%2Fv2%2Ftags&post=1701"}],"curies":[{"name":"wp","href":"https:\/\/api.w.org\/{rel}","templated":true}]}}