{"id":1713,"date":"2024-09-07T07:33:46","date_gmt":"2024-09-07T05:33:46","guid":{"rendered":"https:\/\/www.chapelle-crecy.com\/?p=1713"},"modified":"2024-09-07T07:43:33","modified_gmt":"2024-09-07T05:43:33","slug":"annonces-du-samedi-7-au-dimanche-15-septembre","status":"publish","type":"post","link":"https:\/\/www.chapelle-crecy.com\/?p=1713","title":{"rendered":"Annonces du samedi 7 au dimanche 15 septembre"},"content":{"rendered":"<table>\n<tbody>\n<tr>\n<td style=\"text-align: left;\" width=\"350\"><strong><u>Samedi 31 aout :<\/u><\/strong><\/td>\n<td style=\"text-align: left;\"><strong><u>14h30 :<\/u> Mariage d&rsquo;Alexandra PAVAN et Mathieu JOLY \u00e0 La Coll\u00e9giale Notre-Dame de l&rsquo;Assomption. <\/strong><br \/>\n<strong><u>18h30 :<\/u> Messe \u00e0 Villiers-Sur-Morin.<\/strong><\/td>\n<\/tr>\n<tr>\n<td style=\"text-align: left;\"><strong><u>Dimanche 1er septembre<\/u> :<\/strong><\/td>\n<td style=\"text-align: left;\"><strong><u>10h30 : <\/u>Messe \u00e0 La Coll\u00e9giale ND de l\u2019Assomption de Cr\u00e9cy. <\/strong><br \/>\n<strong>Bapt\u00eame d&rsquo;Ella BENVENUTI.<\/strong><\/td>\n<\/tr>\n<tr>\n<td style=\"text-align: left;\"><strong><u>Mardi 10 septembre\u00a0:<\/u><\/strong><\/td>\n<td style=\"text-align: left;\"><strong><u>9h :<\/u> Messe \u00e0 Cr\u00e9cy<br \/>\n<u>18h30 :<\/u>\u00a0R\u00e9p\u00e9tition chorale \u00e0 l\u2019\u00e9glise St Georges<\/strong><\/td>\n<\/tr>\n<tr>\n<td style=\"text-align: left;\"><strong><u>Jeudi 12 septembre\u00a0:<\/u><\/strong><\/td>\n<td style=\"text-align: left;\"><strong><u>9h :<\/u> Messe \u00e0 Cr\u00e9cy<\/strong><\/td>\n<\/tr>\n<tr>\n<td style=\"text-align: left;\"><strong><u>Vendredi 13 septembre<\/u> :\u00a0<\/strong><\/td>\n<td style=\"text-align: left;\"><strong><u>18h :<\/u> Messe \u00e0 Cr\u00e9cy, suivie de l&rsquo;adoration du St Sacrement<\/strong>.<br \/>\n<strong><u>20h :<\/u> R\u00e9union avec les parents du cat\u00e9 aux salles paroissiales<\/strong>.<\/td>\n<\/tr>\n<tr>\n<td style=\"text-align: left;\"><strong><u>Samedi 14 septembre<\/u> :<\/strong><\/td>\n<td style=\"text-align: left;\"><strong><u>18h30 :<\/u> Messe \u00e0 Voulangis<\/strong><\/td>\n<\/tr>\n<tr>\n<td style=\"text-align: left;\"><strong><u>Dimanche 15 septembre<\/u> :<\/strong><\/td>\n<td style=\"text-align: left;\"><strong><u>10h30 : <\/u>Messe \u00e0 La Coll\u00e9giale ND de l\u2019Assomption de Cr\u00e9cy. Messe pour la famille RONDEL<\/strong><\/td>\n<\/tr>\n<\/tbody>\n<\/table>\n","protected":false},"excerpt":{"rendered":"<p>Samedi 31 aout : 14h30 : Mariage d&rsquo;Alexandra PAVAN et Mathieu JOLY \u00e0 La Coll\u00e9giale Notre-Dame de l&rsquo;Assomption. 18h30 : Messe \u00e0 Villiers-Sur-Morin. Dimanche 1er septembre : 10h30 : Messe \u00e0 La Coll\u00e9giale ND&#46;&#46;&#46;<\/p>\n","protected":false},"author":1,"featured_media":0,"comment_status":"open","ping_status":"open","sticky":false,"template":"","format":"standard","meta":{"footnotes":""},"categories":[2],"tags":[],"class_list":["post-1713","post","type-post","status-publish","format-standard","hentry","category-annonces"],"_links":{"self":[{"href":"https:\/\/www.chapelle-crecy.com\/index.php?rest_route=\/wp\/v2\/posts\/1713","targetHints":{"allow":["GET"]}}],"collection":[{"href":"https:\/\/www.chapelle-crecy.com\/index.php?rest_route=\/wp\/v2\/posts"}],"about":[{"href":"https:\/\/www.chapelle-crecy.com\/index.php?rest_route=\/wp\/v2\/types\/post"}],"author":[{"embeddable":true,"href":"https:\/\/www.chapelle-crecy.com\/index.php?rest_route=\/wp\/v2\/users\/1"}],"replies":[{"embeddable":true,"href":"https:\/\/www.chapelle-crecy.com\/index.php?rest_route=%2Fwp%2Fv2%2Fcomments&post=1713"}],"version-history":[{"count":7,"href":"https:\/\/www.chapelle-crecy.com\/index.php?rest_route=\/wp\/v2\/posts\/1713\/revisions"}],"predecessor-version":[{"id":1723,"href":"https:\/\/www.chapelle-crecy.com\/index.php?rest_route=\/wp\/v2\/posts\/1713\/revisions\/1723"}],"wp:attachment":[{"href":"https:\/\/www.chapelle-crecy.com\/index.php?rest_route=%2Fwp%2Fv2%2Fmedia&parent=1713"}],"wp:term":[{"taxonomy":"category","embeddable":true,"href":"https:\/\/www.chapelle-crecy.com\/index.php?rest_route=%2Fwp%2Fv2%2Fcategories&post=1713"},{"taxonomy":"post_tag","embeddable":true,"href":"https:\/\/www.chapelle-crecy.com\/index.php?rest_route=%2Fwp%2Fv2%2Ftags&post=1713"}],"curies":[{"name":"wp","href":"https:\/\/api.w.org\/{rel}","templated":true}]}}