{"id":1725,"date":"2024-09-15T09:44:44","date_gmt":"2024-09-15T07:44:44","guid":{"rendered":"https:\/\/www.chapelle-crecy.com\/?p=1725"},"modified":"2024-09-17T10:33:18","modified_gmt":"2024-09-17T08:33:18","slug":"annonces-du-samedi-14-au-dimanche-22-septembre","status":"publish","type":"post","link":"https:\/\/www.chapelle-crecy.com\/?p=1725","title":{"rendered":"Annonces du samedi 14 au dimanche 22 septembre"},"content":{"rendered":"<table>\n<tbody>\n<tr>\n<td style=\"text-align: left;\"><strong><u>Samedi 14 septembre<\/u> :<\/strong><\/td>\n<td style=\"text-align: left;\"><strong><u>18h30 :<\/u> Messe \u00e0 Voulangis<\/strong><\/td>\n<\/tr>\n<tr>\n<td style=\"text-align: left;\"><strong><u>Dimanche 15 septembre<\/u> :<\/strong><\/td>\n<td style=\"text-align: left;\"><strong><u>10h30 : <\/u>Messe \u00e0 La Coll\u00e9giale ND de l\u2019Assomption de Cr\u00e9cy. Messe pour la famille RONDEL.<br \/>\nMesse d\u2019action de gr\u00e2ce pour Jean LEROUX et la famille MANAUT<\/strong><\/td>\n<\/tr>\n<tr>\n<td style=\"text-align: left;\"><strong><u>Mardi 17 septembre\u00a0:<\/u><\/strong><\/td>\n<td style=\"text-align: left;\"><strong><u>9h :<\/u> Messe \u00e0 Cr\u00e9cy.<br \/>\n<u>15h :<\/u> Obs\u00e8ques de Maryse FAURE \u00e0 Voulangis.<br \/>\n<u>20h :<\/u> Groupe de pri\u00e8re \u00e0 l\u2019\u00e9glise St Georges<\/strong><\/td>\n<\/tr>\n<tr>\n<td style=\"text-align: left;\"><strong><u>Jeudi 19 septembre\u00a0:<\/u><\/strong><\/td>\n<td style=\"text-align: left;\"><strong><u>9h :<\/u> Messe \u00e0 Cr\u00e9cy<\/strong><\/td>\n<\/tr>\n<tr>\n<td style=\"text-align: left;\"><strong><u>Vendredi 20 septembre<\/u> :<\/strong><\/td>\n<td style=\"text-align: left;\"><strong><u>18h :<\/u> Messe \u00e0 Cr\u00e9cy, suivie de l&rsquo;adoration du St Sacrement<\/strong>.<\/td>\n<\/tr>\n<tr>\n<td style=\"text-align: left;\"><strong><u>Samedi 21 septembre<\/u> :<\/strong><\/td>\n<td style=\"text-align: left;\"><strong><u>10h30 :<\/u> Bapt\u00eame de L\u00e9onie LUCE \u00e0 St Georges.<\/strong><br \/>\n<strong><u>16h :<\/u> Mariage de Margot FAREZ et de Maxime LE CESNE \u00e0 Voulangis.<br \/>\n<u>18h30 :<\/u> Messe \u00e0 Villiers-sur-Morin<\/strong><\/td>\n<\/tr>\n<tr>\n<td style=\"text-align: left;\"><strong><u>Dimanche 22 septembre<\/u> :<\/strong><\/td>\n<td style=\"text-align: left;\"><strong><u>10h30 :<\/u> Messe \u00e0 La Coll\u00e9giale ND de l\u2019Assomption de Cr\u00e9cy avec les enfants, l&rsquo;Aumonerie, &#8230;<\/strong><\/td>\n<\/tr>\n<\/tbody>\n<\/table>\n","protected":false},"excerpt":{"rendered":"<p>Samedi 14 septembre : 18h30 : Messe \u00e0 Voulangis Dimanche 15 septembre : 10h30 : Messe \u00e0 La Coll\u00e9giale ND de l\u2019Assomption de Cr\u00e9cy. Messe pour la famille RONDEL. Messe d\u2019action de gr\u00e2ce pour&#46;&#46;&#46;<\/p>\n","protected":false},"author":1,"featured_media":0,"comment_status":"open","ping_status":"open","sticky":false,"template":"","format":"standard","meta":{"footnotes":""},"categories":[2],"tags":[],"class_list":["post-1725","post","type-post","status-publish","format-standard","hentry","category-annonces"],"_links":{"self":[{"href":"https:\/\/www.chapelle-crecy.com\/index.php?rest_route=\/wp\/v2\/posts\/1725","targetHints":{"allow":["GET"]}}],"collection":[{"href":"https:\/\/www.chapelle-crecy.com\/index.php?rest_route=\/wp\/v2\/posts"}],"about":[{"href":"https:\/\/www.chapelle-crecy.com\/index.php?rest_route=\/wp\/v2\/types\/post"}],"author":[{"embeddable":true,"href":"https:\/\/www.chapelle-crecy.com\/index.php?rest_route=\/wp\/v2\/users\/1"}],"replies":[{"embeddable":true,"href":"https:\/\/www.chapelle-crecy.com\/index.php?rest_route=%2Fwp%2Fv2%2Fcomments&post=1725"}],"version-history":[{"count":4,"href":"https:\/\/www.chapelle-crecy.com\/index.php?rest_route=\/wp\/v2\/posts\/1725\/revisions"}],"predecessor-version":[{"id":1730,"href":"https:\/\/www.chapelle-crecy.com\/index.php?rest_route=\/wp\/v2\/posts\/1725\/revisions\/1730"}],"wp:attachment":[{"href":"https:\/\/www.chapelle-crecy.com\/index.php?rest_route=%2Fwp%2Fv2%2Fmedia&parent=1725"}],"wp:term":[{"taxonomy":"category","embeddable":true,"href":"https:\/\/www.chapelle-crecy.com\/index.php?rest_route=%2Fwp%2Fv2%2Fcategories&post=1725"},{"taxonomy":"post_tag","embeddable":true,"href":"https:\/\/www.chapelle-crecy.com\/index.php?rest_route=%2Fwp%2Fv2%2Ftags&post=1725"}],"curies":[{"name":"wp","href":"https:\/\/api.w.org\/{rel}","templated":true}]}}