{"id":1732,"date":"2024-09-21T17:56:03","date_gmt":"2024-09-21T15:56:03","guid":{"rendered":"https:\/\/www.chapelle-crecy.com\/?p=1732"},"modified":"2024-09-29T09:14:30","modified_gmt":"2024-09-29T07:14:30","slug":"annonces-du-samedi-21-au-dimanche-29-septembre","status":"publish","type":"post","link":"https:\/\/www.chapelle-crecy.com\/?p=1732","title":{"rendered":"Annonces du samedi 21 au dimanche 29 septembre"},"content":{"rendered":"<table>\n<tbody>\n<tr>\n<td style=\"text-align: left;\"><strong><u>Samedi 21 septembre<\/u> :<\/strong><\/td>\n<td style=\"text-align: left;\"><strong><u>10h30 :<\/u> Bapt\u00eame de L\u00e9onie LUCE \u00e0 St Georges.<\/strong><br \/><strong><u>16h :<\/u> Mariage de Margot FAREZ et de Maxime LE CESNE \u00e0 Voulangis.<br \/><u>18h30 :<\/u> Messe \u00e0 Villiers-sur-Morin<\/strong><\/td>\n<\/tr>\n<tr>\n<td style=\"text-align: left;\"><strong><u>Dimanche 22 septembre<\/u> :<\/strong><\/td>\n<td style=\"text-align: left;\"><strong><u>10h30 :<\/u> Messe \u00e0 La Coll\u00e9giale ND de l\u2019Assomption de Cr\u00e9cy avec les enfants, l&rsquo;Aumonerie, &#8230;<\/strong><br \/><strong><u>14h \u00e0 17h<\/u> : Exposition sur les ordres monastiques \u00e0 st\u00a0Georges<\/strong><br \/><strong><u>17h<\/u> : Concert gratuit \u00ab\u00a0Le Carnaval des animaux\u00a0\u00bb \u00e0\u00a0La Coll\u00e9giale.<\/strong><\/td>\n<\/tr>\n<tr>\n<td style=\"text-align: left;\"><strong><u>Mardi 24 septembre\u00a0:<\/u><\/strong><\/td>\n<td style=\"text-align: left;\"><strong><u>9h :<\/u> Messe \u00e0 Cr\u00e9cy.<br \/><u>18h30 :<\/u> Chorale \u00e0 l\u2019\u00e9glise St Georges<\/strong><\/td>\n<\/tr>\n<tr>\n<td style=\"text-align: left;\"><strong><u>Jeudi 26 septembre\u00a0:<\/u><\/strong><\/td>\n<td style=\"text-align: left;\"><strong><u>9h :<\/u> Messe \u00e0 Cr\u00e9cy<\/strong><\/td>\n<\/tr>\n<tr>\n<td style=\"text-align: left;\"><strong><u>Vendredi 27 septembre<\/u> :<\/strong><\/td>\n<td style=\"text-align: left;\"><strong><u>18h :<\/u> Messe \u00e0 Cr\u00e9cy, suivie de l&rsquo;adoration du St Sacrement<\/strong>.<\/td>\n<\/tr>\n<tr>\n<td style=\"text-align: left;\"><strong><u>Samedi 28 septembre<\/u> :<\/strong><\/td>\n<td style=\"text-align: left;\"><strong><u>18h30 :<\/u> Messe \u00e0 Voulangis pou Maryse FAURE inhum\u00e9e la semaine derni\u00e8re<\/strong><\/td>\n<\/tr>\n<tr>\n<td style=\"text-align: left;\"><strong><u>Dimanche 29 septembre<\/u> :<\/strong><\/td>\n<td style=\"text-align: left;\"><strong><u>10h30 :<\/u> Messe \u00e0 La Coll\u00e9giale ND de l\u2019Assomption pour Gaby BEAUMONT, Yves FLOCH, Fran\u00e7ois De LAUBRIERE<\/strong><\/td>\n<\/tr>\n<\/tbody>\n<\/table>\n\n\n<p><\/p>\n","protected":false},"excerpt":{"rendered":"<p>Samedi 21 septembre : 10h30 : Bapt\u00eame de L\u00e9onie LUCE \u00e0 St Georges.16h : Mariage de Margot FAREZ et de Maxime LE CESNE \u00e0 Voulangis.18h30 : Messe \u00e0 Villiers-sur-Morin Dimanche 22 septembre : 10h30&#46;&#46;&#46;<\/p>\n","protected":false},"author":1,"featured_media":0,"comment_status":"open","ping_status":"open","sticky":false,"template":"","format":"standard","meta":{"footnotes":""},"categories":[2],"tags":[],"class_list":["post-1732","post","type-post","status-publish","format-standard","hentry","category-annonces"],"_links":{"self":[{"href":"https:\/\/www.chapelle-crecy.com\/index.php?rest_route=\/wp\/v2\/posts\/1732","targetHints":{"allow":["GET"]}}],"collection":[{"href":"https:\/\/www.chapelle-crecy.com\/index.php?rest_route=\/wp\/v2\/posts"}],"about":[{"href":"https:\/\/www.chapelle-crecy.com\/index.php?rest_route=\/wp\/v2\/types\/post"}],"author":[{"embeddable":true,"href":"https:\/\/www.chapelle-crecy.com\/index.php?rest_route=\/wp\/v2\/users\/1"}],"replies":[{"embeddable":true,"href":"https:\/\/www.chapelle-crecy.com\/index.php?rest_route=%2Fwp%2Fv2%2Fcomments&post=1732"}],"version-history":[{"count":2,"href":"https:\/\/www.chapelle-crecy.com\/index.php?rest_route=\/wp\/v2\/posts\/1732\/revisions"}],"predecessor-version":[{"id":1736,"href":"https:\/\/www.chapelle-crecy.com\/index.php?rest_route=\/wp\/v2\/posts\/1732\/revisions\/1736"}],"wp:attachment":[{"href":"https:\/\/www.chapelle-crecy.com\/index.php?rest_route=%2Fwp%2Fv2%2Fmedia&parent=1732"}],"wp:term":[{"taxonomy":"category","embeddable":true,"href":"https:\/\/www.chapelle-crecy.com\/index.php?rest_route=%2Fwp%2Fv2%2Fcategories&post=1732"},{"taxonomy":"post_tag","embeddable":true,"href":"https:\/\/www.chapelle-crecy.com\/index.php?rest_route=%2Fwp%2Fv2%2Ftags&post=1732"}],"curies":[{"name":"wp","href":"https:\/\/api.w.org\/{rel}","templated":true}]}}