{"id":1737,"date":"2024-09-29T09:44:17","date_gmt":"2024-09-29T07:44:17","guid":{"rendered":"https:\/\/www.chapelle-crecy.com\/?p=1737"},"modified":"2024-10-05T07:57:02","modified_gmt":"2024-10-05T05:57:02","slug":"annonces-du-28-septembre-au-6-octobre-2024","status":"publish","type":"post","link":"https:\/\/www.chapelle-crecy.com\/?p=1737","title":{"rendered":"Annonces du 28 septembre au 6 octobre 2024"},"content":{"rendered":"<table borderline=1>\n<tbody>\n<tr>\n<td style=\"text-align: left;\" width=280><strong><u>Samedi 28 septembre<\/u> :<\/strong><\/td>\n<td style=\"text-align: left;\"><strong><u>18h30 :<\/u> Messe \u00e0 Voulangis pou Maryse FAURE inhum\u00e9e la semaine derni\u00e8re<\/strong><\/td>\n<\/tr>\n<tr>\n<td style=\"text-align: left;\"><strong><u>Dimanche 29 septembre<\/u> :<\/strong><\/td>\n<td style=\"text-align: left;\"><strong><u>10h30 :<\/u> Messe \u00e0 La Coll\u00e9giale ND de l\u2019Assomption pour Gaby BEAUMONT, Yves FLOCH, Fran\u00e7ois De LAUBRIERE<\/strong><\/td>\n<\/tr>\n<tr>\n<td style=\"text-align: left;\"><strong><u>Lundi 30 septembre\u00a0:<\/u><\/strong><\/td>\n<td style=\"text-align: left;\"><strong><u>15h :<\/u> Messe \u00e0 la maison de retraite.<\/strong><\/td>\n<\/tr>\n<tr>\n<td style=\"text-align: left;\"><strong><u>Mardi 1er octobre\u00a0:<\/u><\/strong><\/td>\n<td style=\"text-align: left;\"><strong><u>9h :<\/u> Messe \u00e0 Cr\u00e9cy.<br \/>\n<u>15h :<\/u> Obs\u00e8ques de Mr Lucien POUPELARD \u00e0 Cr\u00e9cy.<br \/>\n<u>20h :<\/u> Groupe de pri\u00e8re \u00e0 St Georges.<\/strong><\/td>\n<\/tr>\n<tr>\n<td style=\"text-align: left;\"><strong><u>Mercredi 2 octobre\u00a0:<\/u><\/strong><\/td>\n<td style=\"text-align: left;\"><strong><u>15h :<\/u> Obs\u00e8ques de Mme Raymonde PAGNY \u00e0 Cr\u00e9cy.<\/strong><\/td>\n<\/tr>\n<tr>\n<td style=\"text-align: left;\"><strong><u>Jeudi 3 octobre\u00a0:<\/u><\/strong><\/td>\n<td style=\"text-align: left;\"><strong><u>9h :<\/u> Messe \u00e0 Cr\u00e9cy<\/strong><\/td>\n<\/tr>\n<tr>\n<td style=\"text-align: left;\"><strong><u>Vendredi 4 octobre<\/u> :<\/strong><\/td>\n<td style=\"text-align: left;\"><strong><u>18h :<\/u> Messe \u00e0 Cr\u00e9cy, suivie de l&rsquo;adoration du St Sacrement<\/strong>.<\/td>\n<\/tr>\n<tr>\n<td style=\"text-align: left;\"><strong><u>Samedi 5 octobre<\/u> :<\/strong><\/td>\n<td style=\"text-align: left;\"><strong><u>9h :<\/u> Messe \u00e0 La Chapelle de la Vierge \u00e0 St Georges.<br \/>\n<u>18h30 :<\/u> Messe \u00e0 Villiers.<\/strong><\/td>\n<\/tr>\n<tr>\n<td style=\"text-align: left;\"><strong><u>Dimanche 6 octobre<\/u> :<\/strong><\/td>\n<td style=\"text-align: left;\"><strong><u>10h :<\/u> B\u00e9n\u00e9diction des animaux par Monseigneur Guillaume de Lisle sur l\u2019esplanade de La Coll\u00e9giale.<br \/>\n<u>10h30 :<\/u> Messe \u00e0 La Coll\u00e9giale pr\u00e9sid\u00e9e par Monseigneur Guillaume de Lisle.<br \/>\nBapt\u00eame d\u2019Alba JAMBOU MAILLARD.<br \/>\nMesse pour Raymonde PAGNY et Lucien POUPELARD ainsi que pour Jean LEROUX et Gilbert LANGEVIN inhum\u00e9s cette semaine.<\/strong><\/td>\n<\/tr>\n<\/tbody>\n<\/table>\n","protected":false},"excerpt":{"rendered":"<p>Samedi 28 septembre : 18h30 : Messe \u00e0 Voulangis pou Maryse FAURE inhum\u00e9e la semaine derni\u00e8re Dimanche 29 septembre : 10h30 : Messe \u00e0 La Coll\u00e9giale ND de l\u2019Assomption pour Gaby BEAUMONT, Yves FLOCH,&#46;&#46;&#46;<\/p>\n","protected":false},"author":1,"featured_media":0,"comment_status":"open","ping_status":"open","sticky":false,"template":"","format":"standard","meta":{"footnotes":""},"categories":[2],"tags":[],"class_list":["post-1737","post","type-post","status-publish","format-standard","hentry","category-annonces"],"_links":{"self":[{"href":"https:\/\/www.chapelle-crecy.com\/index.php?rest_route=\/wp\/v2\/posts\/1737","targetHints":{"allow":["GET"]}}],"collection":[{"href":"https:\/\/www.chapelle-crecy.com\/index.php?rest_route=\/wp\/v2\/posts"}],"about":[{"href":"https:\/\/www.chapelle-crecy.com\/index.php?rest_route=\/wp\/v2\/types\/post"}],"author":[{"embeddable":true,"href":"https:\/\/www.chapelle-crecy.com\/index.php?rest_route=\/wp\/v2\/users\/1"}],"replies":[{"embeddable":true,"href":"https:\/\/www.chapelle-crecy.com\/index.php?rest_route=%2Fwp%2Fv2%2Fcomments&post=1737"}],"version-history":[{"count":10,"href":"https:\/\/www.chapelle-crecy.com\/index.php?rest_route=\/wp\/v2\/posts\/1737\/revisions"}],"predecessor-version":[{"id":1748,"href":"https:\/\/www.chapelle-crecy.com\/index.php?rest_route=\/wp\/v2\/posts\/1737\/revisions\/1748"}],"wp:attachment":[{"href":"https:\/\/www.chapelle-crecy.com\/index.php?rest_route=%2Fwp%2Fv2%2Fmedia&parent=1737"}],"wp:term":[{"taxonomy":"category","embeddable":true,"href":"https:\/\/www.chapelle-crecy.com\/index.php?rest_route=%2Fwp%2Fv2%2Fcategories&post=1737"},{"taxonomy":"post_tag","embeddable":true,"href":"https:\/\/www.chapelle-crecy.com\/index.php?rest_route=%2Fwp%2Fv2%2Ftags&post=1737"}],"curies":[{"name":"wp","href":"https:\/\/api.w.org\/{rel}","templated":true}]}}