{"id":1756,"date":"2024-10-19T20:16:32","date_gmt":"2024-10-19T18:16:32","guid":{"rendered":"https:\/\/www.chapelle-crecy.com\/?p=1756"},"modified":"2024-10-24T18:38:09","modified_gmt":"2024-10-24T16:38:09","slug":"annonces-du-19-au-27-octobre-2014","status":"publish","type":"post","link":"https:\/\/www.chapelle-crecy.com\/?p=1756","title":{"rendered":"Annonces du 19 au 27 octobre 2014"},"content":{"rendered":"<table>\n<tbody>\n<tr>\n<td style=\"text-align: left;\" width=\"300\"><strong><u>Samedi 19 octobre<\/u> :<\/strong><\/td>\n<td style=\"text-align: left;\"><strong><u>18h30 :<\/u> Messe \u00e0 Villiers.<br \/>\nQu\u00eate pour la coop\u00e9ration missionnaire.<\/strong><\/td>\n<\/tr>\n<tr>\n<td style=\"text-align: left;\"><strong><u>Dimanche 20 octobre<\/u> :<\/strong><\/td>\n<td style=\"text-align: left;\"><strong>Installation du Chanoine Olivier VATAR ( nouveau Cur\u00e9 de P\u00f4le) \u00e0 10h30 \u00e0 l\u2019\u00e9glise St Jean Bosco \u00e0 Meaux.<br \/>\nPas de Messe en paroisse.<\/strong><\/td>\n<\/tr>\n<tr>\n<td style=\"text-align: left;\"><strong><u>Mardi 22 octobre\u00a0:<\/u><\/strong><\/td>\n<td style=\"text-align: left;\"><strong><u>9h :<\/u> Messe \u00e0 Cr\u00e9cy au presbyt\u00e8re<br \/>\n<\/strong><\/td>\n<\/tr>\n<tr>\n<td style=\"text-align: left;\"><strong><u>Jeudi 24 octobre\u00a0:<\/u><\/strong><\/td>\n<td style=\"text-align: left;\"><strong><u>9h :<\/u> Messe \u00e0 Cr\u00e9cy au presbyt\u00e8re.<\/strong><\/td>\n<\/tr>\n<tr>\n<td style=\"text-align: left;\"><strong><u>Vendredi 25 octobre<\/u> :<\/strong><\/td>\n<td style=\"text-align: left;\"><strong><u>18h :<\/u> Messe \u00e0 Cr\u00e9cy, suivie de l&rsquo;adoration du St Sacrement<\/strong>.<\/td>\n<\/tr>\n<tr>\n<td style=\"text-align: left;\"><strong><u>Samedi 26 octobre<\/u> :<\/strong><\/td>\n<td style=\"text-align: left;\"><strong><u>18h30 :<\/u> Messe \u00e0 Voulangis.<\/strong><\/td>\n<\/tr>\n<tr>\n<td style=\"text-align: left;\"><strong><u>Dimanche 27 octobre<\/u> :<\/strong><\/td>\n<td style=\"text-align: left;\"><strong>10h30 : Messe \u00e0 Villiers. Cette messe sera c\u00e9l\u00e9br\u00e9e par le cur\u00e9 de notre p\u00f4le missionnaire de Meaux, tout nouvellement install\u00e9, le Chanoine Olivier Vatar. Nos pri\u00e8res seront d\u00e9di\u00e9es aux sinistr\u00e9s et \u00e0 toutes les personnes touch\u00e9es de pr\u00e8s ou de loin par les r\u00e9centes crues du Morin, dans notre secteur lourdement \u00e9prouv\u00e9.\u00a0<\/strong><\/td>\n<\/tr>\n<\/tbody>\n<\/table>\n","protected":false},"excerpt":{"rendered":"<p>Samedi 19 octobre : 18h30 : Messe \u00e0 Villiers. Qu\u00eate pour la coop\u00e9ration missionnaire. Dimanche 20 octobre : Installation du Chanoine Olivier VATAR ( nouveau Cur\u00e9 de P\u00f4le) \u00e0 10h30 \u00e0 l\u2019\u00e9glise St Jean&#46;&#46;&#46;<\/p>\n","protected":false},"author":1,"featured_media":0,"comment_status":"open","ping_status":"open","sticky":false,"template":"","format":"standard","meta":{"footnotes":""},"categories":[2],"tags":[],"class_list":["post-1756","post","type-post","status-publish","format-standard","hentry","category-annonces"],"_links":{"self":[{"href":"https:\/\/www.chapelle-crecy.com\/index.php?rest_route=\/wp\/v2\/posts\/1756","targetHints":{"allow":["GET"]}}],"collection":[{"href":"https:\/\/www.chapelle-crecy.com\/index.php?rest_route=\/wp\/v2\/posts"}],"about":[{"href":"https:\/\/www.chapelle-crecy.com\/index.php?rest_route=\/wp\/v2\/types\/post"}],"author":[{"embeddable":true,"href":"https:\/\/www.chapelle-crecy.com\/index.php?rest_route=\/wp\/v2\/users\/1"}],"replies":[{"embeddable":true,"href":"https:\/\/www.chapelle-crecy.com\/index.php?rest_route=%2Fwp%2Fv2%2Fcomments&post=1756"}],"version-history":[{"count":4,"href":"https:\/\/www.chapelle-crecy.com\/index.php?rest_route=\/wp\/v2\/posts\/1756\/revisions"}],"predecessor-version":[{"id":1760,"href":"https:\/\/www.chapelle-crecy.com\/index.php?rest_route=\/wp\/v2\/posts\/1756\/revisions\/1760"}],"wp:attachment":[{"href":"https:\/\/www.chapelle-crecy.com\/index.php?rest_route=%2Fwp%2Fv2%2Fmedia&parent=1756"}],"wp:term":[{"taxonomy":"category","embeddable":true,"href":"https:\/\/www.chapelle-crecy.com\/index.php?rest_route=%2Fwp%2Fv2%2Fcategories&post=1756"},{"taxonomy":"post_tag","embeddable":true,"href":"https:\/\/www.chapelle-crecy.com\/index.php?rest_route=%2Fwp%2Fv2%2Ftags&post=1756"}],"curies":[{"name":"wp","href":"https:\/\/api.w.org\/{rel}","templated":true}]}}