{"id":1787,"date":"2024-11-23T10:35:39","date_gmt":"2024-11-23T09:35:39","guid":{"rendered":"https:\/\/www.chapelle-crecy.com\/?p=1787"},"modified":"2024-11-30T10:13:53","modified_gmt":"2024-11-30T09:13:53","slug":"annonces-du-23-au-1er-decembre-2024","status":"publish","type":"post","link":"https:\/\/www.chapelle-crecy.com\/?p=1787","title":{"rendered":"Annonces du 23 au 1er d\u00e9cembre 2024"},"content":{"rendered":"<table>\n<tbody>\n<tr>\n<td style=\"text-align: left;\" width=280><strong><u>Samedi 23 novembre<\/u> :<\/strong><\/td>\n<td style=\"text-align: left;\"><strong><u>18h30 :<\/u> Messe \u00e0 Voulangis pour Mr Ronald SEPHO.<br \/>\n<u>20h30 :<\/u> Concert Ensemble Vocal Anguelos \u00e0 Villiers : \u00ab Sur le Chemin de No\u00ebl \u00bb<\/strong><\/td>\n<\/tr>\n<tr>\n<td style=\"text-align: left;\"><strong><u>Dimanche 24 novembre<\/u> :<\/strong><\/td>\n<td style=\"text-align: left;\"><strong><u>10h :<\/u> Messe \u00e0 Villiers Sur Morin.<br \/>Messe anniversaire pour Justine MANAUT<\/strong><\/td>\n<\/tr>\n<tr>\n<td style=\"text-align: left;\"><strong><u>Lundi 25 novembre\u00a0:<\/u><\/strong><\/td>\n<td style=\"text-align: left;\"><strong><u>15h :<\/u> Messe \u00e0 la maison de retraite de Cr\u00e9cy.<\/strong><\/td>\n<\/tr>\n<tr>\n<td style=\"text-align: left;\"><strong><u>Mardi 26 novembre\u00a0:<\/u><\/strong><\/td>\n<td style=\"text-align: left;\"><strong><u>9h :<\/u> Messe \u00e0 Cr\u00e9cy au presbyt\u00e8re.<br \/>\n<u>11h :<\/u> Obs\u00e8ques de Jean-No\u00ebl CHEVALIER \u00e0 Voulangis<br \/>\n<u>18h30 :<\/u>Chorale \u00e0 Voulangis.<\/strong><\/td>\n<\/tr>\n<tr>\n<td style=\"text-align: left;\"><strong><u>Samedi 30 novembre<\/u> :<\/strong><\/td>\n<td style=\"text-align: left;\"><strong><u>10h :<\/u> Messe de la Sainte-Genevi\u00e8ve avec la gendarmerie \u00e0 Voulangis.<br \/>\n<u>18h30 :<\/u> Messe \u00e0 Voulangis.<br \/>Messe pour Mr Jean-No\u00ebl CHEVALIER inhum\u00e9 cette semaine.<\/strong><\/td>\n<\/tr>\n<tr>\n<td style=\"text-align: left;\"><strong><u>Dimanche 1er d\u00e9cembre<\/u> :<\/strong><\/td>\n<td style=\"text-align: left;\"><strong>1er Dimanche de l\u2019Avent : \u00abRestez \u00e9veill\u00e9 et priez\u00bb <br \/>\n<u>10h30 :<\/u> Messe \u00e0 Villiers Sur Morin.<br \/>\nMesse pour Jean et Simone BLAVIER. Qu\u00eate pour le Chantier du Cardinal.<br \/>\n<u>16h30 :<\/u> Concert Le Petit Choeur du Grand-Morin au profit de l\u2019Amiti\u00e9 Brie B\u00e9nin \u00e0 Villiers.<br \/>\nLe Samedi 30 novembre et le dimanche 1er D\u00e9cembre Vente des couronnes de l\u2019avent par l\u2019Aumonerie.<br \/>\n<\/strong><\/td>\n<\/tr>\n<\/tbody>\n<\/table>\n","protected":false},"excerpt":{"rendered":"<p>Samedi 23 novembre : 18h30 : Messe \u00e0 Voulangis pour Mr Ronald SEPHO. 20h30 : Concert Ensemble Vocal Anguelos \u00e0 Villiers : \u00ab Sur le Chemin de No\u00ebl \u00bb Dimanche 24 novembre : 10h&#46;&#46;&#46;<\/p>\n","protected":false},"author":1,"featured_media":0,"comment_status":"open","ping_status":"open","sticky":false,"template":"","format":"standard","meta":{"footnotes":""},"categories":[2],"tags":[],"class_list":["post-1787","post","type-post","status-publish","format-standard","hentry","category-annonces"],"_links":{"self":[{"href":"https:\/\/www.chapelle-crecy.com\/index.php?rest_route=\/wp\/v2\/posts\/1787","targetHints":{"allow":["GET"]}}],"collection":[{"href":"https:\/\/www.chapelle-crecy.com\/index.php?rest_route=\/wp\/v2\/posts"}],"about":[{"href":"https:\/\/www.chapelle-crecy.com\/index.php?rest_route=\/wp\/v2\/types\/post"}],"author":[{"embeddable":true,"href":"https:\/\/www.chapelle-crecy.com\/index.php?rest_route=\/wp\/v2\/users\/1"}],"replies":[{"embeddable":true,"href":"https:\/\/www.chapelle-crecy.com\/index.php?rest_route=%2Fwp%2Fv2%2Fcomments&post=1787"}],"version-history":[{"count":9,"href":"https:\/\/www.chapelle-crecy.com\/index.php?rest_route=\/wp\/v2\/posts\/1787\/revisions"}],"predecessor-version":[{"id":1802,"href":"https:\/\/www.chapelle-crecy.com\/index.php?rest_route=\/wp\/v2\/posts\/1787\/revisions\/1802"}],"wp:attachment":[{"href":"https:\/\/www.chapelle-crecy.com\/index.php?rest_route=%2Fwp%2Fv2%2Fmedia&parent=1787"}],"wp:term":[{"taxonomy":"category","embeddable":true,"href":"https:\/\/www.chapelle-crecy.com\/index.php?rest_route=%2Fwp%2Fv2%2Fcategories&post=1787"},{"taxonomy":"post_tag","embeddable":true,"href":"https:\/\/www.chapelle-crecy.com\/index.php?rest_route=%2Fwp%2Fv2%2Ftags&post=1787"}],"curies":[{"name":"wp","href":"https:\/\/api.w.org\/{rel}","templated":true}]}}