{"id":1800,"date":"2024-11-30T10:22:29","date_gmt":"2024-11-30T09:22:29","guid":{"rendered":"https:\/\/www.chapelle-crecy.com\/?p=1800"},"modified":"2024-11-30T10:22:45","modified_gmt":"2024-11-30T09:22:45","slug":"annonces-du-30-novembre-au-8-decembre-2024","status":"publish","type":"post","link":"https:\/\/www.chapelle-crecy.com\/?p=1800","title":{"rendered":"Annonces du 30 novembre au 8 d\u00e9cembre 2024"},"content":{"rendered":"<table>\n<tbody>\n<tr>\n<td style=\"text-align: left;\" width=280><strong><u>Samedi 30 novembre<\/u> :<\/strong><\/td>\n<td style=\"text-align: left;\"><strong><u>10h :<\/u> Messe de la Sainte-Genevi\u00e8ve avec la gendarmerie \u00e0 Voulangis.<br \/>\n<u>18h30 :<\/u> Messe \u00e0 Voulangis.<br \/>Messe pour Mr Jean-No\u00ebl CHEVALIER inhum\u00e9 cette semaine.<br \/>\n<\/strong><\/td>\n<\/tr>\n<tr>\n<td style=\"text-align: left;\"><strong><u>Dimanche 1er d\u00e9cembre<\/u> :<\/strong><\/td>\n<td style=\"text-align: left;\"><strong>1er Dimanche de l\u2019Avent : \u00abRestez \u00e9veill\u00e9 et priez\u00bb <br \/>\n<u>10h30 :<\/u> Messe \u00e0 Villiers Sur Morin.<br \/>\nMesse pour Jean et Simone BLAVIER. Qu\u00eate pour le Chantier du Cardinal.<br \/>\n<u>16h30 :<\/u> Concert Le Petit Choeur du Grand-Morin au profit de l\u2019Amiti\u00e9 Brie B\u00e9nin \u00e0 Villiers.<br \/>\nLe Samedi 30 novembre et le dimanche 1er D\u00e9cembre Vente des couronnes de l\u2019avent par l\u2019Aumonerie.<br \/>\n<\/strong><\/td>\n<\/tr>\n<tr>\n<td style=\"text-align: left;\"><strong><u>Lundi 2 d\u00e9cembre\u00a0:<\/u><\/strong><\/td>\n<td style=\"text-align: left;\"><strong><u>14h30 :<\/u> Rosaire au presbyt\u00e8re.<\/strong><\/td>\n<\/tr>\n<tr>\n<td style=\"text-align: left;\"><strong><u>Mardi 3 d\u00e9cembre\u00a0:<\/u><\/strong><\/td>\n<td style=\"text-align: left;\"><strong><u>9h :<\/u> Messe \u00e0 Cr\u00e9cy au presbyt\u00e8re.<br \/>\n<u>20h :<\/u>Groupe de pri\u00e8re \u00e0 Voulangis.<\/strong><\/td>\n<\/tr>\n<tr>\n<td style=\"text-align: left;\"><strong><u>Jeudi 5 d\u00e9cembre\u00a0:<\/u><\/strong><\/td>\n<td style=\"text-align: left;\"><strong><u>9h :<\/u> Messe \u00e0 Cr\u00e9cy au presbyt\u00e8re. Messe pour Jean LEROUX.<\/strong><\/td>\n<\/tr>\n<tr>\n<td style=\"text-align: left;\"><strong><u>Vendredi 6 d\u00e9cembre\u00a0:<\/u><\/strong><\/td>\n<td style=\"text-align: left;\"><strong><u>18h :<\/u> Messe \u00e0 Cr\u00e9cy suivie de l&rsquo;adoration du St-sacrement au Presbyt\u00e8re de Cr\u00e9cy.<\/strong><\/td>\n<\/tr>\n<tr>\n<td style=\"text-align: left;\"><strong><u>Samedi 7 d\u00e9cembre<\/u> :<\/strong><\/td>\n<td style=\"text-align: left;\"><strong><u>18h30 :<\/u> Messe \u00e0 Voulangis.<br \/>Messe pour Raymonde et Jean LEROUX.<\/strong><\/td>\n<\/tr>\n<tr>\n<td style=\"text-align: left;\"><strong><u>Dimanche 8 d\u00e9cembre<\/u> :<\/strong><\/td>\n<td style=\"text-align: left;\"><strong>2\u00e8me Dimanche de l\u2019Avent : \u00abPr\u00e9parez le chemin du Seigneur\u00bb <br \/>\n<u>10h :<\/u>Pri\u00e8re de la F\u00eate de l\u2019Immacul\u00e9e Conception \u00e0 Villiers-sur-Morin suivie de la messe \u00e0 <u>10h30<\/u>.<\/strong><\/td>\n<\/tr>\n<\/tbody>\n<\/table>\n","protected":false},"excerpt":{"rendered":"<p>Samedi 30 novembre : 10h : Messe de la Sainte-Genevi\u00e8ve avec la gendarmerie \u00e0 Voulangis. 18h30 : Messe \u00e0 Voulangis.Messe pour Mr Jean-No\u00ebl CHEVALIER inhum\u00e9 cette semaine. Dimanche 1er d\u00e9cembre : 1er Dimanche de&#46;&#46;&#46;<\/p>\n","protected":false},"author":1,"featured_media":0,"comment_status":"open","ping_status":"open","sticky":false,"template":"","format":"standard","meta":{"footnotes":""},"categories":[2],"tags":[],"class_list":["post-1800","post","type-post","status-publish","format-standard","hentry","category-annonces"],"_links":{"self":[{"href":"https:\/\/www.chapelle-crecy.com\/index.php?rest_route=\/wp\/v2\/posts\/1800","targetHints":{"allow":["GET"]}}],"collection":[{"href":"https:\/\/www.chapelle-crecy.com\/index.php?rest_route=\/wp\/v2\/posts"}],"about":[{"href":"https:\/\/www.chapelle-crecy.com\/index.php?rest_route=\/wp\/v2\/types\/post"}],"author":[{"embeddable":true,"href":"https:\/\/www.chapelle-crecy.com\/index.php?rest_route=\/wp\/v2\/users\/1"}],"replies":[{"embeddable":true,"href":"https:\/\/www.chapelle-crecy.com\/index.php?rest_route=%2Fwp%2Fv2%2Fcomments&post=1800"}],"version-history":[{"count":2,"href":"https:\/\/www.chapelle-crecy.com\/index.php?rest_route=\/wp\/v2\/posts\/1800\/revisions"}],"predecessor-version":[{"id":1803,"href":"https:\/\/www.chapelle-crecy.com\/index.php?rest_route=\/wp\/v2\/posts\/1800\/revisions\/1803"}],"wp:attachment":[{"href":"https:\/\/www.chapelle-crecy.com\/index.php?rest_route=%2Fwp%2Fv2%2Fmedia&parent=1800"}],"wp:term":[{"taxonomy":"category","embeddable":true,"href":"https:\/\/www.chapelle-crecy.com\/index.php?rest_route=%2Fwp%2Fv2%2Fcategories&post=1800"},{"taxonomy":"post_tag","embeddable":true,"href":"https:\/\/www.chapelle-crecy.com\/index.php?rest_route=%2Fwp%2Fv2%2Ftags&post=1800"}],"curies":[{"name":"wp","href":"https:\/\/api.w.org\/{rel}","templated":true}]}}