{"id":1815,"date":"2024-12-21T20:52:29","date_gmt":"2024-12-21T19:52:29","guid":{"rendered":"https:\/\/www.chapelle-crecy.com\/?p=1815"},"modified":"2024-12-21T20:53:35","modified_gmt":"2024-12-21T19:53:35","slug":"annonces-du-21-au-29-decembre-2024","status":"publish","type":"post","link":"https:\/\/www.chapelle-crecy.com\/?p=1815","title":{"rendered":"Annonces du 21 au 29 d\u00e9cembre 2024"},"content":{"rendered":"<table>\n<tbody>\n<tr>\n<td style=\"text-align: left;\" width=\"270\"><strong><u>Samedi 21 d\u00e9cembre<\/u> :<\/strong><\/td>\n<td style=\"text-align: left;\"><strong><u>18h30 :<\/u> Messe \u00e0 Voulangis.<\/strong><\/td>\n<\/tr>\n<tr>\n<td style=\"text-align: left;\"><strong><u>Dimanche 22 d\u00e9cembre<\/u> :<\/strong><\/td>\n<td style=\"text-align: left;\"><strong>4\u00e8me Dimanche de l\u2019Avent : \u00ab Heureuse celle qui a cru \u00bb <br \/>\n<u>10h30 :<\/u> Messe \u00e0 Villiers-sur-Morin<\/u>.<br \/>Messe pour Paula LESGENT inhum\u00e9e cette semaine.<br \/>\n<\/strong><\/td>\n<\/tr>\n<tr>\n<td style=\"text-align: left;\"><strong><u>Lundi 23 d\u00e9cembre\u00a0:<\/u><\/strong><\/td>\n<td style=\"text-align: left;\"><strong>Sacrement de R\u00e9conciliation : 9h-12h et 14h-17h au presbyt\u00e8re.<\/strong><\/td>\n<\/tr>\n<tr>\n<td style=\"text-align: left;\"><strong><u>Mardi 24 d\u00e9cembre<\/u> :<\/strong><\/td>\n<td style=\"text-align: left;\"><strong><u>9h :<\/u>Messe au presbyt\u00e8re de Cr\u00e9cy.<br \/>\n<u>19h :<\/u> Messe de la Nuit de No\u00ebl \u00e0 Cr\u00e9cy suivie d\u2019un moment convivial au presbyt\u00e8re.<br \/>Qu\u00eate pour la construction de l\u2019\u00e9glise Sainte-Bathilde \u00e0 Chelles.<\/strong><\/td>\n<\/tr>\n<tr>\n<td style=\"text-align: left;\"><strong><u>Mercredi 25 D\u00e9cembre<\/u> :<\/strong><\/td>\n<td style=\"text-align: left;\"><strong><u>11h :<\/u> Messe de No\u00ebl \u00e0 L\u2019\u00e9glise St R\u00e9mi de Villiers.<br \/>\nBapt\u00eame d\u2019Ana LEDY SEITA.<br \/>Qu\u00eate pour la construction de l\u2019\u00e9glise Sainte-Bathilde \u00e0 Chelles. <\/strong><\/td>\n<\/tr>\n<tr>\n<td style=\"text-align: left;\"><strong><u>Jeudi 26 d\u00e9cembre\u00a0:<\/u><\/strong><\/td>\n<td style=\"text-align: left;\"><strong><u>9h :<\/u> Messe \u00e0 Cr\u00e9cy au presbyt\u00e8re.<\/strong><\/td>\n<\/tr>\n<tr>\n<td style=\"text-align: left;\"><strong><u>Vendredi 27 d\u00e9cembre\u00a0:<\/u><\/strong><\/td>\n<td style=\"text-align: left;\"><strong><u>18h :<\/u> Messe \u00e0 Cr\u00e9cy suivie de l&rsquo;adoration du St-sacrement au Presbyt\u00e8re de Cr\u00e9cy.<\/strong><\/td>\n<\/tr>\n<tr>\n<td style=\"text-align: left;\"><strong><u>Samedi 28 d\u00e9cembre<\/u> :<\/strong><\/td>\n<td style=\"text-align: left;\"><strong><u>18h30 :<\/u> Messe \u00e0 Voulangis.<\/strong><\/td>\n<\/tr>\n<tr>\n<td style=\"text-align: left;\"><strong><u>Dimanche 29 d\u00e9cembre<\/u> :<\/strong><\/td>\n<td style=\"text-align: left;\"><strong><u>10h30 :<\/u> Messe \u00e0 Villiers-sur-Morin<\/u>.<br \/>\n<\/strong><\/td>\n<\/tr>\n<\/tbody>\n<\/table>\n","protected":false},"excerpt":{"rendered":"<p>Samedi 21 d\u00e9cembre : 18h30 : Messe \u00e0 Voulangis. Dimanche 22 d\u00e9cembre : 4\u00e8me Dimanche de l\u2019Avent : \u00ab Heureuse celle qui a cru \u00bb 10h30 : Messe \u00e0 Villiers-sur-Morin.Messe pour Paula LESGENT inhum\u00e9e&#46;&#46;&#46;<\/p>\n","protected":false},"author":1,"featured_media":0,"comment_status":"open","ping_status":"open","sticky":false,"template":"","format":"standard","meta":{"footnotes":""},"categories":[2],"tags":[],"class_list":["post-1815","post","type-post","status-publish","format-standard","hentry","category-annonces"],"_links":{"self":[{"href":"https:\/\/www.chapelle-crecy.com\/index.php?rest_route=\/wp\/v2\/posts\/1815","targetHints":{"allow":["GET"]}}],"collection":[{"href":"https:\/\/www.chapelle-crecy.com\/index.php?rest_route=\/wp\/v2\/posts"}],"about":[{"href":"https:\/\/www.chapelle-crecy.com\/index.php?rest_route=\/wp\/v2\/types\/post"}],"author":[{"embeddable":true,"href":"https:\/\/www.chapelle-crecy.com\/index.php?rest_route=\/wp\/v2\/users\/1"}],"replies":[{"embeddable":true,"href":"https:\/\/www.chapelle-crecy.com\/index.php?rest_route=%2Fwp%2Fv2%2Fcomments&post=1815"}],"version-history":[{"count":3,"href":"https:\/\/www.chapelle-crecy.com\/index.php?rest_route=\/wp\/v2\/posts\/1815\/revisions"}],"predecessor-version":[{"id":1818,"href":"https:\/\/www.chapelle-crecy.com\/index.php?rest_route=\/wp\/v2\/posts\/1815\/revisions\/1818"}],"wp:attachment":[{"href":"https:\/\/www.chapelle-crecy.com\/index.php?rest_route=%2Fwp%2Fv2%2Fmedia&parent=1815"}],"wp:term":[{"taxonomy":"category","embeddable":true,"href":"https:\/\/www.chapelle-crecy.com\/index.php?rest_route=%2Fwp%2Fv2%2Fcategories&post=1815"},{"taxonomy":"post_tag","embeddable":true,"href":"https:\/\/www.chapelle-crecy.com\/index.php?rest_route=%2Fwp%2Fv2%2Ftags&post=1815"}],"curies":[{"name":"wp","href":"https:\/\/api.w.org\/{rel}","templated":true}]}}