{"id":1828,"date":"2025-01-11T18:31:35","date_gmt":"2025-01-11T17:31:35","guid":{"rendered":"https:\/\/www.chapelle-crecy.com\/?p=1828"},"modified":"2025-01-15T14:46:23","modified_gmt":"2025-01-15T13:46:23","slug":"annonces-du-11-au-19-janvier-2024","status":"publish","type":"post","link":"https:\/\/www.chapelle-crecy.com\/?p=1828","title":{"rendered":"Annonces du 11 au 19 janvier 2024"},"content":{"rendered":"<table>\n<tbody>\n<tr>\n<td style=\"text-align: left;\"><strong><u>Samedi 11 janvier<\/u> :<\/strong><\/td>\n<td style=\"text-align: left;\"><strong><u>18h30 :<\/u> Messe \u00e0 Voulangis.<\/strong><\/td>\n<\/tr>\n<tr>\n<td style=\"text-align: left;\"><strong><u>Dimanche 12 janvier<\/u> :<\/strong><\/td>\n<td style=\"text-align: left;\"><strong>Bapt\u00eame du Seigneur.<br \/><u>10h30 :<\/u> Messe \u00e0 Villiers-sur-Morin. Messe pour la Famille FERTE.<br \/><u>16h30 :<\/u> Concert du Petit Ch\u0153ur du Grand Morin \u00e0 Voulangis au profit des sinistr\u00e9s de Mayotte.<\/strong><\/td>\n<\/tr>\n<tr>\n<td style=\"text-align: left;\"><strong><u>Mardi 14 janvier<\/u> :<\/strong><\/td>\n<td style=\"text-align: left;\"><strong><u>18h30 :<\/u> Chorale \u00e0 Voulangis.<\/strong><\/td>\n<\/tr>\n<tr>\n<td style=\"text-align: left;\"><strong><u>Jeudi 16 janvier\u00a0:<\/u><\/strong><\/td>\n<td style=\"text-align: left;\"><strong><u>9h :<\/u> Messe \u00e0 Cr\u00e9cy au presbyt\u00e8re.<\/strong><\/td>\n<\/tr>\n<tr>\n<td style=\"text-align: left;\"><strong><u>Vendredi 17 janvier\u00a0:<\/u><\/strong><\/td>\n<td style=\"text-align: left;\"><strong><u>10h :<\/u> Obs\u00e8ques de Eliane PRESSON \u00e0 Voulangis.<br \/><strong><u>18h :<\/u> Messe \u00e0 Cr\u00e9cy au presbyt\u00e8re suivie de l&rsquo;adoration du St sacrement.<\/strong><\/td>\n<\/tr>\n<tr>\n<td style=\"text-align: left;\"><strong><u>Samedi 18 janvier<\/u> :<\/strong><\/td>\n<td style=\"text-align: left;\"><strong><u>18h30 :<\/u> Messe \u00e0 Voulangis.<\/strong><\/td>\n<\/tr>\n<tr>\n<td style=\"text-align: left;\"><strong><u>Dimanche 19 janvier<\/u> :<\/strong><\/td>\n<td style=\"text-align: left;\"><strong><u>10h30 :<\/u> Messe \u00e0 Villiers-sur-Morin.<\/strong><\/td>\n<\/tr>\n<\/tbody>\n<\/table>\n","protected":false},"excerpt":{"rendered":"<p>Samedi 11 janvier : 18h30 : Messe \u00e0 Voulangis. Dimanche 12 janvier : Bapt\u00eame du Seigneur.10h30 : Messe \u00e0 Villiers-sur-Morin. Messe pour la Famille FERTE.16h30 : Concert du Petit Ch\u0153ur du Grand Morin \u00e0&#46;&#46;&#46;<\/p>\n","protected":false},"author":1,"featured_media":0,"comment_status":"open","ping_status":"open","sticky":false,"template":"","format":"standard","meta":{"footnotes":""},"categories":[2],"tags":[],"class_list":["post-1828","post","type-post","status-publish","format-standard","hentry","category-annonces"],"_links":{"self":[{"href":"https:\/\/www.chapelle-crecy.com\/index.php?rest_route=\/wp\/v2\/posts\/1828","targetHints":{"allow":["GET"]}}],"collection":[{"href":"https:\/\/www.chapelle-crecy.com\/index.php?rest_route=\/wp\/v2\/posts"}],"about":[{"href":"https:\/\/www.chapelle-crecy.com\/index.php?rest_route=\/wp\/v2\/types\/post"}],"author":[{"embeddable":true,"href":"https:\/\/www.chapelle-crecy.com\/index.php?rest_route=\/wp\/v2\/users\/1"}],"replies":[{"embeddable":true,"href":"https:\/\/www.chapelle-crecy.com\/index.php?rest_route=%2Fwp%2Fv2%2Fcomments&post=1828"}],"version-history":[{"count":5,"href":"https:\/\/www.chapelle-crecy.com\/index.php?rest_route=\/wp\/v2\/posts\/1828\/revisions"}],"predecessor-version":[{"id":1834,"href":"https:\/\/www.chapelle-crecy.com\/index.php?rest_route=\/wp\/v2\/posts\/1828\/revisions\/1834"}],"wp:attachment":[{"href":"https:\/\/www.chapelle-crecy.com\/index.php?rest_route=%2Fwp%2Fv2%2Fmedia&parent=1828"}],"wp:term":[{"taxonomy":"category","embeddable":true,"href":"https:\/\/www.chapelle-crecy.com\/index.php?rest_route=%2Fwp%2Fv2%2Fcategories&post=1828"},{"taxonomy":"post_tag","embeddable":true,"href":"https:\/\/www.chapelle-crecy.com\/index.php?rest_route=%2Fwp%2Fv2%2Ftags&post=1828"}],"curies":[{"name":"wp","href":"https:\/\/api.w.org\/{rel}","templated":true}]}}