{"id":1842,"date":"2025-02-02T13:00:03","date_gmt":"2025-02-02T12:00:03","guid":{"rendered":"https:\/\/www.chapelle-crecy.com\/?p=1842"},"modified":"2025-02-02T13:00:03","modified_gmt":"2025-02-02T12:00:03","slug":"annonces-du-1er-au-9-fevrier","status":"publish","type":"post","link":"https:\/\/www.chapelle-crecy.com\/?p=1842","title":{"rendered":"Annonces du 1er au 9 f\u00e9vrier"},"content":{"rendered":"<table>\n<tbody>\n<tr>\n<td style=\"text-align: left;\"><strong><u>Samedi 1er f\u00e9vrier<\/u> :<\/strong><\/td>\n<td style=\"text-align: left;\"><strong><u>9h :<\/u> Messe en l\u2019honneur de la Vierge Marie au presbyt\u00e8re.<br \/>\n<u>18h30 :<\/u> Messe pour Mr Andr\u00e9 FOUILLAT inhum\u00e9 cette semaine.<\/strong><\/td>\n<\/tr>\n<tr>\n<td style=\"text-align: left;\"><strong><u>Dimanche 2 f\u00e9vrier<\/u> : chandeleur<\/strong><\/td>\n<td style=\"text-align: left;\"><strong><u>10h30 :<\/u> Messe \u00e0 Villiers pour Elisabeth WALTER inhum\u00e9e cette \t\t\t\t        semaine.<br \/>\n<\/strong><\/td>\n<\/tr>\n<tr>\n<td style=\"text-align: left;\"><strong><u>Mardi 4 f\u00e9vrier<\/u> :<\/strong><\/td>\n<td style=\"text-align: left;\"><strong><u>9h :<\/u> Messe au presbyt\u00e8re de Cr\u00e9cy.<br \/>\n<u>20h :<\/u> Groupe de pri\u00e8re \u00e0 Voulangis.<\/strong><\/td>\n<\/tr>\n<tr>\n<td style=\"text-align: left;\"><strong><u>Jeudi 6 f\u00e9vrier\u00a0:<\/u><\/strong><\/td>\n<td style=\"text-align: left;\"><strong><u>9h :<\/u> Messe \u00e0 Cr\u00e9cy au presbyt\u00e8re.<\/strong><\/td>\n<\/tr>\n<tr>\n<td style=\"text-align: left;\"><strong><u>Vendredi 7 f\u00e9vrier\u00a0:<\/u><\/strong><\/td>\n<td style=\"text-align: left;\"><strong><u>18h :<\/u> Messe \u00e0 Cr\u00e9cy au presbyt\u00e8re suivie de l&rsquo;adoration du St sacrement.<\/strong><\/td>\n<\/tr>\n<tr>\n<td style=\"text-align: left;\"><strong><u>Samedi 8 f\u00e9vrier<\/u> :<\/strong><\/td>\n<td style=\"text-align: left;\"><strong><u>18h30 :<\/u> Messe \u00e0 Voulangis.<\/strong><\/td>\n<\/tr>\n<tr>\n<td style=\"text-align: left;\"><strong><u>Dimanche 9 f\u00e9vrier<\/u> :<\/strong><\/td>\n<td style=\"text-align: left;\"><strong><u>10h30 :<\/u> Messe \u00e0 Villiers.<br \/>\n<\/strong><\/td>\n<\/tr>\n<\/tbody>\n<\/table>\n","protected":false},"excerpt":{"rendered":"<p>Samedi 1er f\u00e9vrier : 9h : Messe en l\u2019honneur de la Vierge Marie au presbyt\u00e8re. 18h30 : Messe pour Mr Andr\u00e9 FOUILLAT inhum\u00e9 cette semaine. Dimanche 2 f\u00e9vrier : chandeleur 10h30 : Messe \u00e0&#46;&#46;&#46;<\/p>\n","protected":false},"author":1,"featured_media":0,"comment_status":"open","ping_status":"open","sticky":false,"template":"","format":"standard","meta":{"footnotes":""},"categories":[2],"tags":[],"class_list":["post-1842","post","type-post","status-publish","format-standard","hentry","category-annonces"],"_links":{"self":[{"href":"https:\/\/www.chapelle-crecy.com\/index.php?rest_route=\/wp\/v2\/posts\/1842","targetHints":{"allow":["GET"]}}],"collection":[{"href":"https:\/\/www.chapelle-crecy.com\/index.php?rest_route=\/wp\/v2\/posts"}],"about":[{"href":"https:\/\/www.chapelle-crecy.com\/index.php?rest_route=\/wp\/v2\/types\/post"}],"author":[{"embeddable":true,"href":"https:\/\/www.chapelle-crecy.com\/index.php?rest_route=\/wp\/v2\/users\/1"}],"replies":[{"embeddable":true,"href":"https:\/\/www.chapelle-crecy.com\/index.php?rest_route=%2Fwp%2Fv2%2Fcomments&post=1842"}],"version-history":[{"count":1,"href":"https:\/\/www.chapelle-crecy.com\/index.php?rest_route=\/wp\/v2\/posts\/1842\/revisions"}],"predecessor-version":[{"id":1843,"href":"https:\/\/www.chapelle-crecy.com\/index.php?rest_route=\/wp\/v2\/posts\/1842\/revisions\/1843"}],"wp:attachment":[{"href":"https:\/\/www.chapelle-crecy.com\/index.php?rest_route=%2Fwp%2Fv2%2Fmedia&parent=1842"}],"wp:term":[{"taxonomy":"category","embeddable":true,"href":"https:\/\/www.chapelle-crecy.com\/index.php?rest_route=%2Fwp%2Fv2%2Fcategories&post=1842"},{"taxonomy":"post_tag","embeddable":true,"href":"https:\/\/www.chapelle-crecy.com\/index.php?rest_route=%2Fwp%2Fv2%2Ftags&post=1842"}],"curies":[{"name":"wp","href":"https:\/\/api.w.org\/{rel}","templated":true}]}}