{"id":1862,"date":"2025-02-21T09:29:50","date_gmt":"2025-02-21T08:29:50","guid":{"rendered":"https:\/\/www.chapelle-crecy.com\/?p=1862"},"modified":"2025-02-21T09:31:13","modified_gmt":"2025-02-21T08:31:13","slug":"un-careme-de-partage","status":"publish","type":"post","link":"https:\/\/www.chapelle-crecy.com\/?p=1862","title":{"rendered":"Un Car\u00eame de partage"},"content":{"rendered":"<p>EDITO Mars 2025 par le Chanoine Olivier VATAR<\/p>\n<div align=\"justify\">Avec le Car\u00eame, on va nous demander de mettre la main au porte-monnaie. Afin d\u2019honorer un des 3 axes de ce temps privil\u00e9gi\u00e9 de la foi : l\u2019aum\u00f4ne. Pour certains, donner de l\u2019argent, c\u2019est se donner bonne conscience. Seul ne serait valable que payer de sa personne par son temps, sa force de travail, son intelligence pratique.<br \/>\nOn ne peut pas \u00eatre sur tous les fronts. Et celui qui puise dans son escarcelle pour donner \u00e0 l\u2019Autre des moyens pour vivre et pour agir, accomplit pleinement le pr\u00e9cepte de la charit\u00e9. Je suis admiratif de tous ces gens qui gardent toute demande d\u2019argent, re\u00e7ue au long des jours et qui veulent participer \u00e0 toutes les causes. L\u2019Eglise privil\u00e9gie en Car\u00eame le don au Comit\u00e9 Catholique contre la Faim et pour le D\u00e9veloppement (CCFD), r\u00e9union d\u2019une trentaine d\u2019associations catholiques. Dans certains milieux, le CCFD a eu mauvaise presse pendant longtemps. R\u00e9form\u00e9 par les \u00e9v\u00eaques, il est aujourd\u2019hui le premier lieu o\u00f9 doivent aller nos offrandes de Car\u00eame. Il va de soi que l\u2019on peut donner ailleurs. Cette ann\u00e9e, on vous propose d\u2019aider le p\u00e8re Charles, de bonne m\u00e9moire \u00e0 Meaux, afin de restaurer le s\u00e9minaire malgache dont il est devenu le recteur. Sans oublier que la premi\u00e8re charit\u00e9 est de penser au Denier l\u2019Eglise ! <br \/>\nL\u2019offrande de Car\u00eame est un peu diff\u00e9rente des autres dons. Elle r\u00e9sulte de privations et nous implique plus corporellement qu\u2019un autre don. Plus que de superflus, nous prenons un peu de notre n\u00e9cessaire. C\u2019est charnel. Notre d\u00e9marche pourrait \u00eatre simplement un WeightWatchers de la foi, centr\u00e9 sur nous pour bien nous maitriser. Le Car\u00eame nous invite justement \u00e0 ma\u00eetriser notre corps afin de nous rendre attentifs aux autres et avec l\u2019argent \u00e9conomis\u00e9, partager avec le prochain. Ne reste plus qu\u2019\u00e0 le faire dans la pri\u00e8re et nous avons unis les trois axes importants du Car\u00eame, dans une d\u00e9marche pas seulement g\u00e9n\u00e9reuse mais de conversion de tout mon \u00eatre. <br \/>\nLe Car\u00eame comme toute vie chr\u00e9tienne est une d\u00e9marche d\u2019unit\u00e9 de tout mon \u00eatre. Je\u00fbne, pri\u00e8re et partage ne sont pas juxtapos\u00e9s. Ils sont interactifs et rendent ce temps liturgique si beau pour nous pr\u00e9parer \u00e0 inscrire dans toute notre vie l\u2019horizon de la r\u00e9surrection. <\/div>\n<p>Chanoine Olivier VATAR<\/p>\n","protected":false},"excerpt":{"rendered":"<p>EDITO Mars 2025 par le Chanoine Olivier VATAR Avec le Car\u00eame, on va nous demander de mettre la main au porte-monnaie. Afin d\u2019honorer un des 3 axes de ce temps privil\u00e9gi\u00e9 de la foi&#46;&#46;&#46;<\/p>\n","protected":false},"author":1,"featured_media":0,"comment_status":"open","ping_status":"open","sticky":false,"template":"","format":"standard","meta":{"footnotes":""},"categories":[6],"tags":[],"class_list":["post-1862","post","type-post","status-publish","format-standard","hentry","category-careme"],"_links":{"self":[{"href":"https:\/\/www.chapelle-crecy.com\/index.php?rest_route=\/wp\/v2\/posts\/1862","targetHints":{"allow":["GET"]}}],"collection":[{"href":"https:\/\/www.chapelle-crecy.com\/index.php?rest_route=\/wp\/v2\/posts"}],"about":[{"href":"https:\/\/www.chapelle-crecy.com\/index.php?rest_route=\/wp\/v2\/types\/post"}],"author":[{"embeddable":true,"href":"https:\/\/www.chapelle-crecy.com\/index.php?rest_route=\/wp\/v2\/users\/1"}],"replies":[{"embeddable":true,"href":"https:\/\/www.chapelle-crecy.com\/index.php?rest_route=%2Fwp%2Fv2%2Fcomments&post=1862"}],"version-history":[{"count":2,"href":"https:\/\/www.chapelle-crecy.com\/index.php?rest_route=\/wp\/v2\/posts\/1862\/revisions"}],"predecessor-version":[{"id":1865,"href":"https:\/\/www.chapelle-crecy.com\/index.php?rest_route=\/wp\/v2\/posts\/1862\/revisions\/1865"}],"wp:attachment":[{"href":"https:\/\/www.chapelle-crecy.com\/index.php?rest_route=%2Fwp%2Fv2%2Fmedia&parent=1862"}],"wp:term":[{"taxonomy":"category","embeddable":true,"href":"https:\/\/www.chapelle-crecy.com\/index.php?rest_route=%2Fwp%2Fv2%2Fcategories&post=1862"},{"taxonomy":"post_tag","embeddable":true,"href":"https:\/\/www.chapelle-crecy.com\/index.php?rest_route=%2Fwp%2Fv2%2Ftags&post=1862"}],"curies":[{"name":"wp","href":"https:\/\/api.w.org\/{rel}","templated":true}]}}