{"id":1875,"date":"2025-02-22T20:37:56","date_gmt":"2025-02-22T19:37:56","guid":{"rendered":"https:\/\/www.chapelle-crecy.com\/?p=1875"},"modified":"2025-02-21T20:48:40","modified_gmt":"2025-02-21T19:48:40","slug":"cheminer-avec-le-christ-notre-esperance","status":"publish","type":"post","link":"https:\/\/www.chapelle-crecy.com\/?p=1875","title":{"rendered":"Cheminer avec le Christ, notre esp\u00e9rance"},"content":{"rendered":"\n<p>1\u00e8re conf\u00e9rence de car\u00eame: chemins et cheminement<\/p>\n\n\n\n<p><div align=\"justify\">En cette ann\u00e9e jubilaire, le pape Fran\u00e7ois nous invite \u00e0 nous mettre en marche:\u00a0<em>\u00ab\u00a0La vie\u00a0chr\u00e9tienne est un chemin qui a besoin de moments forts pour nourrir et fortifier l&rsquo;esp\u00e9rance, compagne irrempla\u00e7able qui laisse entrevoir le but: la rencontre avec le Seigneur J\u00e9sus\u00a0\u00bb<\/em>\u00a0[1]<br><br>L&rsquo;\u00e9quipe en charge des activit\u00e9s d&rsquo;art, culture et foi de notre paroisse conduite par Fr\u00e9d\u00e9rique, a eu l&rsquo;id\u00e9e in\u00e9dite d&rsquo;inviter Claude Grollimund, peintre \u00e0 Cr\u00e9cy, au figuier. Le 9 mars, \u00e0 l&rsquo;occasion d&rsquo;une premi\u00e8re conf\u00e9rence de car\u00eame, il se propose d&rsquo;exposer dans l&rsquo;\u00e9glise St R\u00e9mi de Villiers, ses \u0153uvres originales. Lors d&rsquo;une table ronde qu&rsquo;il animera \u00e0 15h o\u00f9 vous \u00eates chaleureusement convi\u00e9s, il nous parlera de ce qui fait l&rsquo;essentiel de sa cr\u00e9ation et r\u00e9pondra \u00e0 toutes vos questions. Quelque soit votre foi et votre rapport \u00e0 l&rsquo;art, cette invitation s&rsquo;adresse \u00e0 tout\u00a0public. L&rsquo;entr\u00e9e est gratuite.<br><br>Pour nous chr\u00e9tiens, cheminer, c&rsquo;est prendre le temps de la contemplation, de l&rsquo;\u00e9merveillement devant la beaut\u00e9 de la cr\u00e9ation. C&rsquo;est, \u00e0 travers elle, rendre gr\u00e2ce \u00e0 Celui\u00a0 qui est \u00e0 son origine et red\u00e9couvrir les liens qui nous unissent \u00e0 elle, \u00e0 nos fr\u00e8res et s\u0153urs en humanit\u00e9 dans un compagnonnage\u00a0avec le Christ. C&rsquo;est faire cette exp\u00e9rience unique de l&rsquo;Amour de Dieu:\u00a0<em>\u00ab\u00a0Je suis aim\u00e9, donc j&rsquo;existe; et j&rsquo;existerai toujours<\/em> <em>dans l&rsquo;Amour qui ne d\u00e9\u00e7oit pas et dont rien ni personne ne pourra jamais me s\u00e9parer\u00a0\u00bb<\/em>\u00a0[2]<\/div><\/p>\n\n\n\n<p>[1] et [2] Pape Fran\u00e7ois,&nbsp;<strong>Spes non confundit<\/strong>, Bulle d&rsquo;indiction du Jubil\u00e9 ordinaire de l&rsquo;ann\u00e9e 2025, N\u00b05 et n\u00b021<\/p>\n\n\n\n<p><strong>Le mot de Claude<\/strong><\/p>\n\n\n\n<div align=\"justify\">A mon sens, la peinture comme toute production d\u2019images doit provoquer des \u00e9motions, des r\u00e9flexions et d\u00e9velopper une symbolique.<br>\nPeindre, c\u2019est pour moi une suite de gestes physiques, sensibles, instantan\u00e9s ou m\u00fbrement r\u00e9fl\u00e9chis.<br>La couleur poss\u00e8de une symbolique par ses formes et signes (cf. Michel Pastoureau).<br>\nDepuis le 19 si\u00e8cle, la d\u00e9couverte de la photographie et de l\u2019analyse de la lumi\u00e8re, les peintres cherchent de nouvelles voies pour d\u00e9velopper leur regard sur l\u2019homme, la nature, leur imaginaire\u2026<br>\nAujourd\u2019hui, l\u2019informatique comme l\u2019IA permettent de produire n\u2019importe quelle image r\u00e9elle ou fantastique.<br><br>\nLa peinture comme toute image devrait provoquer chez le spectateur, des \u00e9motions, des ressentis, par la couleur, la composition et les messages qu\u2019elle contient (symbolique, histoire, \u00e9v\u00e9nements r\u00e9cents, actualit\u00e9\u2026).<br><br>\nJe reste tr\u00e8s attach\u00e9 en tant que peintre aux relations physiques avec l\u2019\u00e9nergie des couleurs, des pigments et des mati\u00e8res.<br><br>Dans mes peintures, issues de mes randonn\u00e9es dans la nature, sur terre, comme sur l\u2019eau, je souhaite provoquer un regard, des \u00e9motions, des questions\u2026<br>\nDe r\u00e9flexions en r\u00e9v\u00e9lations, la nature comme la peinture, me guident dans mon cheminement spirituel.<\/p>\n\n\n\n<figure class=\"wp-block-image size-large\"><img loading=\"lazy\" decoding=\"async\" width=\"1024\" height=\"488\" src=\"https:\/\/www.chapelle-crecy.com\/wp-content\/uploads\/2025\/02\/chemins_et_cheminements-1024x488.jpg\" alt=\"\" class=\"wp-image-1876\" srcset=\"https:\/\/www.chapelle-crecy.com\/wp-content\/uploads\/2025\/02\/chemins_et_cheminements-1024x488.jpg 1024w, https:\/\/www.chapelle-crecy.com\/wp-content\/uploads\/2025\/02\/chemins_et_cheminements-300x143.jpg 300w, https:\/\/www.chapelle-crecy.com\/wp-content\/uploads\/2025\/02\/chemins_et_cheminements-768x366.jpg 768w, https:\/\/www.chapelle-crecy.com\/wp-content\/uploads\/2025\/02\/chemins_et_cheminements-1536x733.jpg 1536w, https:\/\/www.chapelle-crecy.com\/wp-content\/uploads\/2025\/02\/chemins_et_cheminements-2048x977.jpg 2048w\" sizes=\"auto, (max-width: 1024px) 100vw, 1024px\" \/><\/figure>\n","protected":false},"excerpt":{"rendered":"<p>1\u00e8re conf\u00e9rence de car\u00eame: chemins et cheminement En cette ann\u00e9e jubilaire, le pape Fran\u00e7ois nous invite \u00e0 nous mettre en marche:\u00a0\u00ab\u00a0La vie\u00a0chr\u00e9tienne est un chemin qui a besoin de moments forts pour nourrir et&#46;&#46;&#46;<\/p>\n","protected":false},"author":1,"featured_media":0,"comment_status":"open","ping_status":"open","sticky":false,"template":"","format":"standard","meta":{"footnotes":""},"categories":[6],"tags":[],"class_list":["post-1875","post","type-post","status-publish","format-standard","hentry","category-careme"],"_links":{"self":[{"href":"https:\/\/www.chapelle-crecy.com\/index.php?rest_route=\/wp\/v2\/posts\/1875","targetHints":{"allow":["GET"]}}],"collection":[{"href":"https:\/\/www.chapelle-crecy.com\/index.php?rest_route=\/wp\/v2\/posts"}],"about":[{"href":"https:\/\/www.chapelle-crecy.com\/index.php?rest_route=\/wp\/v2\/types\/post"}],"author":[{"embeddable":true,"href":"https:\/\/www.chapelle-crecy.com\/index.php?rest_route=\/wp\/v2\/users\/1"}],"replies":[{"embeddable":true,"href":"https:\/\/www.chapelle-crecy.com\/index.php?rest_route=%2Fwp%2Fv2%2Fcomments&post=1875"}],"version-history":[{"count":2,"href":"https:\/\/www.chapelle-crecy.com\/index.php?rest_route=\/wp\/v2\/posts\/1875\/revisions"}],"predecessor-version":[{"id":1878,"href":"https:\/\/www.chapelle-crecy.com\/index.php?rest_route=\/wp\/v2\/posts\/1875\/revisions\/1878"}],"wp:attachment":[{"href":"https:\/\/www.chapelle-crecy.com\/index.php?rest_route=%2Fwp%2Fv2%2Fmedia&parent=1875"}],"wp:term":[{"taxonomy":"category","embeddable":true,"href":"https:\/\/www.chapelle-crecy.com\/index.php?rest_route=%2Fwp%2Fv2%2Fcategories&post=1875"},{"taxonomy":"post_tag","embeddable":true,"href":"https:\/\/www.chapelle-crecy.com\/index.php?rest_route=%2Fwp%2Fv2%2Ftags&post=1875"}],"curies":[{"name":"wp","href":"https:\/\/api.w.org\/{rel}","templated":true}]}}