{"id":1893,"date":"2025-03-09T18:20:10","date_gmt":"2025-03-09T17:20:10","guid":{"rendered":"https:\/\/www.chapelle-crecy.com\/?p=1893"},"modified":"2025-03-12T08:53:23","modified_gmt":"2025-03-12T07:53:23","slug":"annonces-du-10-au-16-mars-2025","status":"publish","type":"post","link":"https:\/\/www.chapelle-crecy.com\/?p=1893","title":{"rendered":"Annonces du 10 au 16 mars 2025"},"content":{"rendered":"<table>\n<tbody>\n<tr>\n<td style=\"text-align: left;\"><strong><u>Mardi 11 mars<\/u> :<\/strong><\/td>\n<td style=\"text-align: left;\"><strong><u>9h : <\/u>Messe au presbyt\u00e8re de Cr\u00e9cy.<br \/><u>18h30 :<\/u> R\u00e9p\u00e9tition Chorale \u00e0 Voulangis.<\/strong><\/td>\n<\/tr>\n<tr>\n<td style=\"text-align: left;\"><strong><u>Jeudi 13 mars\u00a0:<\/u><\/strong><\/td>\n<td style=\"text-align: left;\"><strong><u>15h : <\/u>A Voulangis, Messe de s\u00e9pulture de Paulette Rosier.<\/strong><\/td>\n<\/tr>\n<tr>\n<td style=\"text-align: left;\"><strong><u>Vendredi 14 mars\u00a0:<\/u><\/strong><\/td>\n<td style=\"text-align: left;\"><strong><u>15h :<\/u> Chemin de croix \u00e0 l\u2019\u00e9glise St Georges \u00e0 Cr\u00e9cy.<br \/>\n<u>18h :<\/u> Messe \u00e0 Cr\u00e9cy au presbyt\u00e8re suivie de l&rsquo;adoration du St sacrement.<\/strong><\/td>\n<\/tr>\n<tr>\n<td style=\"text-align: left;\"><strong><u>Samedi 15 mars<\/u> :<\/strong><\/td>\n<td style=\"text-align: left;\"><strong><u>18h30 :<\/u> Messe \u00e0 Voulangis.<\/strong><\/td>\n<\/tr>\n<tr>\n<td style=\"text-align: left;\"><strong><u>Dimanche 16 mars<\/u> :<\/strong><\/td>\n<td style=\"text-align: left;\"><strong><u>10h30 :<\/u> Messe \u00e0 Villiers.<br \/>\n<u>15h : <\/u>Lecture de la lettre pastorale de Monseigneur Nahmias au presbyt\u00e8re.<\/strong><\/td>\n<\/tr>\n<\/tbody>\n<\/table>\n","protected":false},"excerpt":{"rendered":"<p>Mardi 11 mars : 9h : Messe au presbyt\u00e8re de Cr\u00e9cy.18h30 : R\u00e9p\u00e9tition Chorale \u00e0 Voulangis. Jeudi 13 mars\u00a0: 15h : A Voulangis, Messe de s\u00e9pulture de Paulette Rosier. Vendredi 14 mars\u00a0: 15h :&#46;&#46;&#46;<\/p>\n","protected":false},"author":1,"featured_media":0,"comment_status":"open","ping_status":"open","sticky":false,"template":"","format":"standard","meta":{"footnotes":""},"categories":[2],"tags":[],"class_list":["post-1893","post","type-post","status-publish","format-standard","hentry","category-annonces"],"_links":{"self":[{"href":"https:\/\/www.chapelle-crecy.com\/index.php?rest_route=\/wp\/v2\/posts\/1893","targetHints":{"allow":["GET"]}}],"collection":[{"href":"https:\/\/www.chapelle-crecy.com\/index.php?rest_route=\/wp\/v2\/posts"}],"about":[{"href":"https:\/\/www.chapelle-crecy.com\/index.php?rest_route=\/wp\/v2\/types\/post"}],"author":[{"embeddable":true,"href":"https:\/\/www.chapelle-crecy.com\/index.php?rest_route=\/wp\/v2\/users\/1"}],"replies":[{"embeddable":true,"href":"https:\/\/www.chapelle-crecy.com\/index.php?rest_route=%2Fwp%2Fv2%2Fcomments&post=1893"}],"version-history":[{"count":3,"href":"https:\/\/www.chapelle-crecy.com\/index.php?rest_route=\/wp\/v2\/posts\/1893\/revisions"}],"predecessor-version":[{"id":1897,"href":"https:\/\/www.chapelle-crecy.com\/index.php?rest_route=\/wp\/v2\/posts\/1893\/revisions\/1897"}],"wp:attachment":[{"href":"https:\/\/www.chapelle-crecy.com\/index.php?rest_route=%2Fwp%2Fv2%2Fmedia&parent=1893"}],"wp:term":[{"taxonomy":"category","embeddable":true,"href":"https:\/\/www.chapelle-crecy.com\/index.php?rest_route=%2Fwp%2Fv2%2Fcategories&post=1893"},{"taxonomy":"post_tag","embeddable":true,"href":"https:\/\/www.chapelle-crecy.com\/index.php?rest_route=%2Fwp%2Fv2%2Ftags&post=1893"}],"curies":[{"name":"wp","href":"https:\/\/api.w.org\/{rel}","templated":true}]}}