{"id":1931,"date":"2025-03-25T19:39:39","date_gmt":"2025-03-25T18:39:39","guid":{"rendered":"https:\/\/www.chapelle-crecy.com\/?p=1931"},"modified":"2025-05-16T13:28:22","modified_gmt":"2025-05-16T11:28:22","slug":"jubile-2025","status":"publish","type":"post","link":"https:\/\/www.chapelle-crecy.com\/?p=1931","title":{"rendered":"JUBILE 2025\u00a0"},"content":{"rendered":"\n<p><\/p>\n\n\n\n<p>Rendez-vous \u00e0 l&rsquo;Ascension pour vivre le p\u00e8lerinage dioc\u00e9sain \u00e0 l&rsquo;occasion du Jubil\u00e9.<\/p>\n\n\n\n<p><strong><em>Le Jubil\u00e9 2025, plac\u00e9 sous le th\u00e8me P\u00e8lerins d\u2019Esp\u00e9rance, invite les chr\u00e9tiens du monde entier \u00e0 s\u2019engager dans une d\u00e9marche de foi et de communion. \u00c0 cette occasion, le dioc\u00e8se de Meaux organise un grand p\u00e8lerinage le jeudi 29 mai 2025, jour de l\u2019Ascension. Une opportunit\u00e9 unique pour les fid\u00e8les de r\u00e9pondre \u00e0 l\u2019appel du Saint-P\u00e8re en vivant un temps fort de pri\u00e8re, de partage et de rencontre.<\/em><\/strong><\/p>\n\n\n\n<figure class=\"wp-block-image size-large\"><div align=\"center\"><img loading=\"lazy\" decoding=\"async\" width=\"722\" height=\"1024\" src=\"http:\/\/www.chapelle-crecy.com\/wp-content\/uploads\/2025\/03\/jubile_2025-722x1024.jpg\" alt=\"\" class=\"wp-image-1919\" srcset=\"https:\/\/www.chapelle-crecy.com\/wp-content\/uploads\/2025\/03\/jubile_2025-722x1024.jpg 722w, https:\/\/www.chapelle-crecy.com\/wp-content\/uploads\/2025\/03\/jubile_2025-211x300.jpg 211w, https:\/\/www.chapelle-crecy.com\/wp-content\/uploads\/2025\/03\/jubile_2025-768x1090.jpg 768w, https:\/\/www.chapelle-crecy.com\/wp-content\/uploads\/2025\/03\/jubile_2025-1082x1536.jpg 1082w, https:\/\/www.chapelle-crecy.com\/wp-content\/uploads\/2025\/03\/jubile_2025-1443x2048.jpg 1443w, https:\/\/www.chapelle-crecy.com\/wp-content\/uploads\/2025\/03\/jubile_2025-scaled.jpg 1804w\" sizes=\"auto, (max-width: 722px) 100vw, 722px\" \/><\/div><\/figure>\n\nTout sur le jubil\u00e9 sur le site Catho77 : <a href=\"https:\/\/www.catho77.fr\/pelerinages\/jubile-2025\/\" target=\"blank\"><b>https:\/\/www.catho77.fr\/pelerinages\/jubile-2025\/<\/a><\/b>","protected":false},"excerpt":{"rendered":"<p>Rendez-vous \u00e0 l&rsquo;Ascension pour vivre le p\u00e8lerinage dioc\u00e9sain \u00e0 l&rsquo;occasion du Jubil\u00e9. Le Jubil\u00e9 2025, plac\u00e9 sous le th\u00e8me P\u00e8lerins d\u2019Esp\u00e9rance, invite les chr\u00e9tiens du monde entier \u00e0 s\u2019engager dans une d\u00e9marche de foi&#46;&#46;&#46;<\/p>\n","protected":false},"author":1,"featured_media":0,"comment_status":"open","ping_status":"open","sticky":false,"template":"","format":"standard","meta":{"footnotes":""},"categories":[4],"tags":[],"class_list":["post-1931","post","type-post","status-publish","format-standard","hentry","category-evenements"],"_links":{"self":[{"href":"https:\/\/www.chapelle-crecy.com\/index.php?rest_route=\/wp\/v2\/posts\/1931","targetHints":{"allow":["GET"]}}],"collection":[{"href":"https:\/\/www.chapelle-crecy.com\/index.php?rest_route=\/wp\/v2\/posts"}],"about":[{"href":"https:\/\/www.chapelle-crecy.com\/index.php?rest_route=\/wp\/v2\/types\/post"}],"author":[{"embeddable":true,"href":"https:\/\/www.chapelle-crecy.com\/index.php?rest_route=\/wp\/v2\/users\/1"}],"replies":[{"embeddable":true,"href":"https:\/\/www.chapelle-crecy.com\/index.php?rest_route=%2Fwp%2Fv2%2Fcomments&post=1931"}],"version-history":[{"count":4,"href":"https:\/\/www.chapelle-crecy.com\/index.php?rest_route=\/wp\/v2\/posts\/1931\/revisions"}],"predecessor-version":[{"id":1988,"href":"https:\/\/www.chapelle-crecy.com\/index.php?rest_route=\/wp\/v2\/posts\/1931\/revisions\/1988"}],"wp:attachment":[{"href":"https:\/\/www.chapelle-crecy.com\/index.php?rest_route=%2Fwp%2Fv2%2Fmedia&parent=1931"}],"wp:term":[{"taxonomy":"category","embeddable":true,"href":"https:\/\/www.chapelle-crecy.com\/index.php?rest_route=%2Fwp%2Fv2%2Fcategories&post=1931"},{"taxonomy":"post_tag","embeddable":true,"href":"https:\/\/www.chapelle-crecy.com\/index.php?rest_route=%2Fwp%2Fv2%2Ftags&post=1931"}],"curies":[{"name":"wp","href":"https:\/\/api.w.org\/{rel}","templated":true}]}}