{"id":1941,"date":"2025-03-30T17:24:00","date_gmt":"2025-03-30T15:24:00","guid":{"rendered":"https:\/\/www.chapelle-crecy.com\/?p=1941"},"modified":"2025-03-30T20:27:39","modified_gmt":"2025-03-30T18:27:39","slug":"annonces-du-31-mars-au-6-avril-2025","status":"publish","type":"post","link":"https:\/\/www.chapelle-crecy.com\/?p=1941","title":{"rendered":"Annonces du 31 mars au 6 avril 2025"},"content":{"rendered":"<table>\n<tbody>\n<tr>\n<td style=\"text-align: left;\"><strong><u>Lundi 31 mars<\/u> :<\/strong><\/td>\n<td style=\"text-align: left;\"><strong><u>15h :<\/u> Messe \u00e0 la maison de retraite de Cr\u00e9cy.<\/strong><\/td>\n<\/tr>\n<tr>\n<td style=\"text-align: left;\"><strong><u>Mardi 1er avril<\/u> :<\/strong><\/td>\n<td style=\"text-align: left;\"><strong><u>9h :<\/u> Messe au presbyt\u00e8re de Cr\u00e9cy.<br \/><u>20h :<\/u> Groupe de pri\u00e8re.<\/strong><\/td>\n<\/tr>\n<tr>\n<td style=\"text-align: left;\"><strong><u>Jeudi 3 avril\u00a0:<\/u><\/strong><\/td>\n<td style=\"text-align: left;\"><strong><u>9h :<\/u> Messe au presbyt\u00e8re de Cr\u00e9cy.<\/strong><\/td>\n<\/tr>\n<tr>\n<td style=\"text-align: left;\"><strong><u>Vendredi 4 avril\u00a0:<\/u><\/strong><\/td>\n<td style=\"text-align: left;\"><strong><u>17h :<\/u> Chemin de croix \u00e0 l\u2019\u00e9glise St Georges \u00e0 Cr\u00e9cy.<br \/>\n<u>18h :<\/u> Messe \u00e0 Cr\u00e9cy au presbyt\u00e8re suivie de l&rsquo;adoration du St sacrement.<\/strong><\/td>\n<\/tr>\n<tr>\n<td style=\"text-align: left;\"><strong><u>Samedi 5 avril<\/u> :<\/strong><\/td>\n<td style=\"text-align: left;\"><strong><u>9h :<\/u> Messe en l&rsquo;honneur de la Bienheureuse Vierge Marie au presbyt\u00e8re.<br \/>\n<u>10h :<\/u> Sacrement de r\u00e9conciliation pour les enfants du Cat\u00e9 \u00e0 Cr\u00e9cy.<br \/>\n<u>18h30 :<\/u> Messe \u00e0 Villiers-sur-morin.<br \/>Sacrement de R\u00e9conciliation \u00e0 St Jean Bosco \u00e0 Meaux toute la journ\u00e9e.<\/strong><\/td>\n<\/tr>\n<tr>\n<td style=\"text-align: left;\"><strong><u>Dimanche 6 avril<\/u> :<br \/>4\u00e8me dimanche de Car\u00eame<\/strong><\/td>\n<td style=\"text-align: left;\"><strong><u>10h30 :<\/u> Messe \u00e0 Cr\u00e9cy-La-Chapelle.<br \/>\nMesse pour les d\u00e9funts de la famille PRESSON-LATIEULE.<br \/>\n<u>15h : <\/u>Chemin de P\u00e2ques, c\u00e9l\u00e9bration et m\u00e9moire de tous nos d\u00e9funts \u00e0 Villiers-sur-Morin.<\/strong><\/td>\n<\/tr>\n<\/tbody>\n<\/table>\n","protected":false},"excerpt":{"rendered":"<p>Lundi 31 mars : 15h : Messe \u00e0 la maison de retraite de Cr\u00e9cy. Mardi 1er avril : 9h : Messe au presbyt\u00e8re de Cr\u00e9cy.20h : Groupe de pri\u00e8re. Jeudi 3 avril\u00a0: 9h :&#46;&#46;&#46;<\/p>\n","protected":false},"author":1,"featured_media":0,"comment_status":"open","ping_status":"open","sticky":false,"template":"","format":"standard","meta":{"footnotes":""},"categories":[2],"tags":[],"class_list":["post-1941","post","type-post","status-publish","format-standard","hentry","category-annonces"],"_links":{"self":[{"href":"https:\/\/www.chapelle-crecy.com\/index.php?rest_route=\/wp\/v2\/posts\/1941","targetHints":{"allow":["GET"]}}],"collection":[{"href":"https:\/\/www.chapelle-crecy.com\/index.php?rest_route=\/wp\/v2\/posts"}],"about":[{"href":"https:\/\/www.chapelle-crecy.com\/index.php?rest_route=\/wp\/v2\/types\/post"}],"author":[{"embeddable":true,"href":"https:\/\/www.chapelle-crecy.com\/index.php?rest_route=\/wp\/v2\/users\/1"}],"replies":[{"embeddable":true,"href":"https:\/\/www.chapelle-crecy.com\/index.php?rest_route=%2Fwp%2Fv2%2Fcomments&post=1941"}],"version-history":[{"count":1,"href":"https:\/\/www.chapelle-crecy.com\/index.php?rest_route=\/wp\/v2\/posts\/1941\/revisions"}],"predecessor-version":[{"id":1942,"href":"https:\/\/www.chapelle-crecy.com\/index.php?rest_route=\/wp\/v2\/posts\/1941\/revisions\/1942"}],"wp:attachment":[{"href":"https:\/\/www.chapelle-crecy.com\/index.php?rest_route=%2Fwp%2Fv2%2Fmedia&parent=1941"}],"wp:term":[{"taxonomy":"category","embeddable":true,"href":"https:\/\/www.chapelle-crecy.com\/index.php?rest_route=%2Fwp%2Fv2%2Fcategories&post=1941"},{"taxonomy":"post_tag","embeddable":true,"href":"https:\/\/www.chapelle-crecy.com\/index.php?rest_route=%2Fwp%2Fv2%2Ftags&post=1941"}],"curies":[{"name":"wp","href":"https:\/\/api.w.org\/{rel}","templated":true}]}}