{"id":1956,"date":"2025-04-11T11:04:15","date_gmt":"2025-04-11T09:04:15","guid":{"rendered":"https:\/\/www.chapelle-crecy.com\/?p=1956"},"modified":"2025-04-11T12:50:16","modified_gmt":"2025-04-11T10:50:16","slug":"il-nous-a-tant-aime","status":"publish","type":"post","link":"https:\/\/www.chapelle-crecy.com\/?p=1956","title":{"rendered":"Il nous a tant aim\u00e9s"},"content":{"rendered":"<p>\n<div align=\"justify\">Voil\u00e0 20 ans d\u00e9j\u00e0 que notre bien-aim\u00e9 pape St Jean-Paul II nous quittait le 2 avril 2005. Par son charisme et son intuition d\u2019avoir cr\u00e9\u00e9 les JMJ (Journ\u00e9es Mondiales de la Jeunesse), quelques 8 ann\u00e9es auparavant, il avait marqu\u00e9 profond\u00e9ment notre vall\u00e9e du Grand Morin comme le monde entier d\u2019ailleurs. En effet, lors des JMJ 1997, dans notre secteur paroissial de Cr\u00e9cy \u00e9tait log\u00e9s 400 jeunes polonais et hongrois qui se rendaient, pendant une semaine, tous les jours \u00e0 Paris pour vivre ces journ\u00e9es jusqu\u2019\u00e0 la messe grandiose \u00e0 Longchamp qui a r\u00e9uni plus de 1,5 millions et demi de personnes.<br>\n\n\n\nA Cr\u00e9cy, nous n\u2019\u00e9tions pas en reste pour organiser des temps forts pour accueillir de la meilleure fa\u00e7on qui soit, tous ces JMJistes. Sous la houlette du bon p\u00e8re Duhamel, pr\u00e9curseur en son temps, un groupe de jeunes du secteur paroissial s\u2019\u00e9tait rassembl\u00e9 pour proposer lors d\u2019une belle soir\u00e9e d\u2019\u00e9t\u00e9, devant un grand public multilingue sur le Pr\u00e9 Manche, la reconstitution en 9 tableaux vivants de la Passion de Notre Seigneur J\u00e9sus-Christ, selon Saint Jean. Vous trouverez dans la video ci-jointe, prise par un camescope de l\u2019\u00e9poque, les meilleurs moments de cette soir\u00e9e inoubliable.&nbsp;<br><\/p>\n\n\n<p><\/p>\n\n\n<figure class=\"wp-block-video\"><video height=\"720\" style=\"aspect-ratio: 1280 \/ 720;\" width=\"1280\" controls src=\"http:\/\/www.chapelle-crecy.com\/wp-content\/uploads\/2025\/04\/Chemin-de-croix-reduit.mp4\"><\/video><\/figure>\n","protected":false},"excerpt":{"rendered":"<p>Voil\u00e0 20 ans d\u00e9j\u00e0 que notre bien-aim\u00e9 pape St Jean-Paul II nous quittait le 2 avril 2005. Par son charisme et son intuition d\u2019avoir cr\u00e9\u00e9 les JMJ (Journ\u00e9es Mondiales de la Jeunesse), quelques 8&#46;&#46;&#46;<\/p>\n","protected":false},"author":1,"featured_media":0,"comment_status":"open","ping_status":"open","sticky":false,"template":"","format":"standard","meta":{"footnotes":""},"categories":[6],"tags":[],"class_list":["post-1956","post","type-post","status-publish","format-standard","hentry","category-careme"],"_links":{"self":[{"href":"https:\/\/www.chapelle-crecy.com\/index.php?rest_route=\/wp\/v2\/posts\/1956","targetHints":{"allow":["GET"]}}],"collection":[{"href":"https:\/\/www.chapelle-crecy.com\/index.php?rest_route=\/wp\/v2\/posts"}],"about":[{"href":"https:\/\/www.chapelle-crecy.com\/index.php?rest_route=\/wp\/v2\/types\/post"}],"author":[{"embeddable":true,"href":"https:\/\/www.chapelle-crecy.com\/index.php?rest_route=\/wp\/v2\/users\/1"}],"replies":[{"embeddable":true,"href":"https:\/\/www.chapelle-crecy.com\/index.php?rest_route=%2Fwp%2Fv2%2Fcomments&post=1956"}],"version-history":[{"count":3,"href":"https:\/\/www.chapelle-crecy.com\/index.php?rest_route=\/wp\/v2\/posts\/1956\/revisions"}],"predecessor-version":[{"id":1960,"href":"https:\/\/www.chapelle-crecy.com\/index.php?rest_route=\/wp\/v2\/posts\/1956\/revisions\/1960"}],"wp:attachment":[{"href":"https:\/\/www.chapelle-crecy.com\/index.php?rest_route=%2Fwp%2Fv2%2Fmedia&parent=1956"}],"wp:term":[{"taxonomy":"category","embeddable":true,"href":"https:\/\/www.chapelle-crecy.com\/index.php?rest_route=%2Fwp%2Fv2%2Fcategories&post=1956"},{"taxonomy":"post_tag","embeddable":true,"href":"https:\/\/www.chapelle-crecy.com\/index.php?rest_route=%2Fwp%2Fv2%2Ftags&post=1956"}],"curies":[{"name":"wp","href":"https:\/\/api.w.org\/{rel}","templated":true}]}}